{"id":11128,"date":"2025-05-05T20:22:21","date_gmt":"2025-05-05T23:22:21","guid":{"rendered":"https:\/\/www.toque-musicall.com\/?p=11128"},"modified":"2025-05-22T20:23:38","modified_gmt":"2025-05-22T23:23:38","slug":"silvio-cesar-1969","status":"publish","type":"post","link":"https:\/\/www.toque-musicall.com\/?p=11128","title":{"rendered":"Silvio Cesar (1969)"},"content":{"rendered":"\n<figure class=\"wp-block-image size-large\"><img decoding=\"async\" src=\"https:\/\/blogger.googleusercontent.com\/img\/b\/R29vZ2xl\/AVvXsEhNaFl62KVO8FirfzLgsWTZsQBwSz_Ihi1Na8g5VfXy2ifbaCEDHyi9Pkzk2FCIJWeOcdyXSAFvLoMNSYCX1ZkFqZ22lLEymBYmG9fQJ5wIJZ3djCq56Oi-3KzMcf7easZ_ho_8b3Uy8ntXPVxCbIqPCPHsZhRkNdFF3iovhf9-MHJJmf9aTGzxmmsfeM2o\/w640-h630\/Capturar.JPG\" alt=\"\"\/><\/figure>\n\n\n\n<figure class=\"wp-block-image size-large\"><img decoding=\"async\" src=\"https:\/\/blogger.googleusercontent.com\/img\/b\/R29vZ2xl\/AVvXsEiuyI-qp7yKmRdB2dXPLFfVYrtKlHQa0TI-ky5YVD52jBLZhwq1kILq-ky-j-ZfNElRmroPLhsIikct2aypQAHxnipKosJOvUSqYcmg0W3Gc8qtPkBnZG6BaR_hWnRklaUnT7jVX-mZsUwAyy6ZGTXg3Qyh__YG05VUpaiwNMjy_uGAthR18XBMVrf6jZZE\/w640-h634\/Capturarb.JPG\" alt=\"\"\/><\/figure>\n\n\n<div class=\"separator\">Seguindo em nossas postagens, vamos com este compacto do cantor e compositor Silvio Cesar, artista que fez muito sucesso nos anos 60 e 70. Aqui temos dele este disquinho lan\u00e7ado pela Odeon, sua gravadora, em 1969, trazendo duas can\u00e7\u00f5es: &#8220;O bonde alegria&#8221; e &#8220;Eu quero que voc\u00ea morra&#8221;, sendo esta segunda can\u00e7\u00e3o lan\u00e7ada em seu \u00e1lbum &#8220;Minha prece de amor&#8221;, em 1970. Disco este, j\u00e1 apresentando em nosso Toque Musical.<\/div>\n<div class=\"separator\">\u00a0<\/div>\n<div class=\"separator\">o bonde alegria<\/div>\n<div class=\"separator\">eu quero que voc\u00ea morra<\/div>\n<div class=\"separator\">\u00a0<\/div>\n<div class=\"separator\">\u00a0<\/div>\n<div class=\"separator\">.<\/div>\n<div class=\"separator\">\u00a0<\/div>\n<div class=\"separator\">.<\/div>","protected":false},"excerpt":{"rendered":"<p>Seguindo em nossas postagens, vamos com este compacto do cantor e compositor Silvio Cesar, artista que fez muito sucesso nos anos 60 e 70. Aqui temos dele este disquinho lan\u00e7ado pela Odeon, sua gravadora, em 1969, trazendo duas can\u00e7\u00f5es: &#8220;O &hellip; <a href=\"https:\/\/www.toque-musicall.com\/?p=11128\">Continue lendo <span class=\"meta-nav\">&rarr;<\/span><\/a><\/p>\n","protected":false},"author":1,"featured_media":0,"comment_status":"closed","ping_status":"closed","sticky":false,"template":"","format":"standard","meta":{"footnotes":""},"categories":[1],"tags":[3072,3153,5951],"class_list":["post-11128","post","type-post","status-publish","format-standard","hentry","category-sem-categoria","tag-compactos","tag-selo-odeon","tag-silvio-cesar"],"_links":{"self":[{"href":"https:\/\/www.toque-musicall.com\/index.php?rest_route=\/wp\/v2\/posts\/11128","targetHints":{"allow":["GET"]}}],"collection":[{"href":"https:\/\/www.toque-musicall.com\/index.php?rest_route=\/wp\/v2\/posts"}],"about":[{"href":"https:\/\/www.toque-musicall.com\/index.php?rest_route=\/wp\/v2\/types\/post"}],"author":[{"embeddable":true,"href":"https:\/\/www.toque-musicall.com\/index.php?rest_route=\/wp\/v2\/users\/1"}],"replies":[{"embeddable":true,"href":"https:\/\/www.toque-musicall.com\/index.php?rest_route=%2Fwp%2Fv2%2Fcomments&post=11128"}],"version-history":[{"count":1,"href":"https:\/\/www.toque-musicall.com\/index.php?rest_route=\/wp\/v2\/posts\/11128\/revisions"}],"predecessor-version":[{"id":11129,"href":"https:\/\/www.toque-musicall.com\/index.php?rest_route=\/wp\/v2\/posts\/11128\/revisions\/11129"}],"wp:attachment":[{"href":"https:\/\/www.toque-musicall.com\/index.php?rest_route=%2Fwp%2Fv2%2Fmedia&parent=11128"}],"wp:term":[{"taxonomy":"category","embeddable":true,"href":"https:\/\/www.toque-musicall.com\/index.php?rest_route=%2Fwp%2Fv2%2Fcategories&post=11128"},{"taxonomy":"post_tag","embeddable":true,"href":"https:\/\/www.toque-musicall.com\/index.php?rest_route=%2Fwp%2Fv2%2Ftags&post=11128"}],"curies":[{"name":"wp","href":"https:\/\/api.w.org\/{rel}","templated":true}]}}