{"id":1113,"date":"2009-08-19T09:14:00","date_gmt":"2009-08-19T09:14:00","guid":{"rendered":"http:\/\/www.toque-musicall.com\/?p=1113"},"modified":"2009-08-19T09:14:00","modified_gmt":"2009-08-19T09:14:00","slug":"francisco-alves-album-da-saudade-vol-1-195","status":"publish","type":"post","link":"https:\/\/www.toque-musicall.com\/?p=1113","title":{"rendered":"Francisco Alves &#8211; \u00c1lbum Da Saudade Vol. 1 (195&#8230;)"},"content":{"rendered":"<p><a href=\"http:\/\/1.bp.blogspot.com\/_DSKVEvHtskc\/SovHozGUq7I\/AAAAAAAAFNk\/jj1eSqlzRak\/s1600-h\/Francisco+Alves+P.JPG\"><img decoding=\"async\" style=\"display:block; margin:0px auto 10px; text-align:center;cursor:pointer; cursor:hand;width: 394px; height: 400px;\" src=\"http:\/\/1.bp.blogspot.com\/_DSKVEvHtskc\/SovHozGUq7I\/AAAAAAAAFNk\/jj1eSqlzRak\/s400\/Francisco+Alves+P.JPG\" border=\"0\" alt=\"\" id=\"BLOGGER_PHOTO_ID_5371606484294871986\" \/><\/a>Bom dia! No dia 19 de agosto de 1898 nascia no Rio de Janeiro um dos maiores artistas da nossa m\u00fasica popular, o grande Chico Alves. Para comemorar esta data eu hoje estarei postando dois discos do cantor, dois &#8216;albinhos&#8217; de dez polegadas lan\u00e7ados na primeira metade da d\u00e9cada de 50. Por quest\u00e3o de tempo, serei breve e tamb\u00e9m para extendermos at\u00e9 o fim do dia nossa celebra\u00e7\u00e3o, postarei em duas etapas. Iniciando, vamos com &#8220;\u00c1lbum da Saudade&#8221;, um disco p\u00f3stumo. Uma homenagem onde est\u00e3o reunidas algumas de suas \u00faltimas grava\u00e7\u00f5es em bolachas de 78 rpm. Me parece que foi o primeiro disco de 33 polegadas de Francisco Alves. Infelizmente n\u00e3o consegui localizar a data, mas suponho que tenha sido lan\u00e7ado por volta de 1954 ou 55. At\u00e9 onde eu sei, o Chico Viola n\u00e3o chegou a lan\u00e7ar, em vida, algum &#8216;long play&#8217;. Ta\u00ed um bom motivo e uma boa quest\u00e3o para um coment\u00e1rio. Algu\u00e9m se habilita? <\/p>\n<div><\/div>\n<div style=\"text-align: center;\">malandrinha<\/div>\n<div style=\"text-align: center;\">can\u00e7\u00e3o da crian\u00e7a<\/div>\n<div style=\"text-align: center;\">boa noite amor<\/div>\n<div style=\"text-align: center;\">s\u00e3o paulo cora\u00e7\u00e3o do brasil<\/div>\n<div style=\"text-align: center;\">a mulher de meu amigo<\/div>\n<div style=\"text-align: center;\">brasil de amanh\u00e3<\/div>\n<div style=\"text-align: center;\">cinco letras que choram (adeus)<\/div>\n<div style=\"text-align: center;\">a voz do viol\u00e3o<\/div>\n<div style=\"text-align: center;\"><\/div>\n<div style=\"text-align: center;\"><\/div>\n","protected":false},"excerpt":{"rendered":"<p>Bom dia! No dia 19 de agosto de 1898 nascia no Rio de Janeiro um dos maiores artistas da nossa m\u00fasica popular, o grande Chico Alves. Para comemorar esta data eu hoje estarei postando dois discos do cantor, dois &#8216;albinhos&#8217; &hellip; <a href=\"https:\/\/www.toque-musicall.com\/?p=1113\">Continue lendo <span class=\"meta-nav\">&rarr;<\/span><\/a><\/p>\n","protected":false},"author":1,"featured_media":0,"comment_status":"open","ping_status":"closed","sticky":false,"template":"","format":"standard","meta":{"footnotes":""},"categories":[115],"tags":[],"class_list":["post-1113","post","type-post","status-publish","format-standard","hentry","category-francisco-alves"],"_links":{"self":[{"href":"https:\/\/www.toque-musicall.com\/index.php?rest_route=\/wp\/v2\/posts\/1113","targetHints":{"allow":["GET"]}}],"collection":[{"href":"https:\/\/www.toque-musicall.com\/index.php?rest_route=\/wp\/v2\/posts"}],"about":[{"href":"https:\/\/www.toque-musicall.com\/index.php?rest_route=\/wp\/v2\/types\/post"}],"author":[{"embeddable":true,"href":"https:\/\/www.toque-musicall.com\/index.php?rest_route=\/wp\/v2\/users\/1"}],"replies":[{"embeddable":true,"href":"https:\/\/www.toque-musicall.com\/index.php?rest_route=%2Fwp%2Fv2%2Fcomments&post=1113"}],"version-history":[{"count":0,"href":"https:\/\/www.toque-musicall.com\/index.php?rest_route=\/wp\/v2\/posts\/1113\/revisions"}],"wp:attachment":[{"href":"https:\/\/www.toque-musicall.com\/index.php?rest_route=%2Fwp%2Fv2%2Fmedia&parent=1113"}],"wp:term":[{"taxonomy":"category","embeddable":true,"href":"https:\/\/www.toque-musicall.com\/index.php?rest_route=%2Fwp%2Fv2%2Fcategories&post=1113"},{"taxonomy":"post_tag","embeddable":true,"href":"https:\/\/www.toque-musicall.com\/index.php?rest_route=%2Fwp%2Fv2%2Ftags&post=1113"}],"curies":[{"name":"wp","href":"https:\/\/api.w.org\/{rel}","templated":true}]}}