{"id":11134,"date":"2025-05-08T20:27:32","date_gmt":"2025-05-08T23:27:32","guid":{"rendered":"https:\/\/www.toque-musicall.com\/?p=11134"},"modified":"2025-05-22T20:29:07","modified_gmt":"2025-05-22T23:29:07","slug":"luiz-claudio-1970","status":"publish","type":"post","link":"https:\/\/www.toque-musicall.com\/?p=11134","title":{"rendered":"Luiz Cl\u00e1udio (1970)\u00a0"},"content":{"rendered":"\n<figure class=\"wp-block-image size-large\"><img decoding=\"async\" src=\"https:\/\/blogger.googleusercontent.com\/img\/b\/R29vZ2xl\/AVvXsEhNNYG-q8fsBcnwD4NhMl19w6_qCCrIxwHrvp6JrrAI6Y4IVKJwdJdlue46YGPdnA-gbVkw0O8ZnAEDrC3lVC8db4wUqiD-1TDRkLiUm7xtixx2sz9VnJqP8xiL-ssQtmHMxEqo-Er7xhEgrGyUJrYmAsbTAeKx8C7kUt_x09Yn5Zgrl4x7Sc4PGV4RGfkx\/w640-h626\/Capturar.JPG\" alt=\"\"\/><\/figure>\n\n\n\n<figure class=\"wp-block-image size-large\"><img decoding=\"async\" src=\"https:\/\/blogger.googleusercontent.com\/img\/b\/R29vZ2xl\/AVvXsEix43voM5aUWjN0s44bcR4fGd95EnhTnTj0x1BP0yhyphenhyphenRZhij6yuzvFSEpO-YN4SEE-Wes_CCgkENJngu4QjH86OdKU9g-k_1r8LvUUgop6qu1ofONWWsmtfWzQR8AWCmy_6IB2j3XDdIyvzkQW8JlwsQnSrKqz2cl3QQbTEcku1u7i63l5ulk_GH2HRf2yw\/w640-h634\/Capturarb.JPG\" alt=\"\"\/><\/figure>\n\n\n<div class=\"separator\">E eis aqui um terceiro compacto Odeon, trazendo o cantor e compositor mineiro Luiz Claudio, artista que iniciou sua carreira ainda nos anos 50, tendo gravado diversos discos, alguns deles j\u00e1 apresentado no nosso Toque Musical. E agora temos este compacto simples, de 1970, com duas can\u00e7\u00f5es que n\u00e3o chegaram a ser lan\u00e7adas em lp&#8230;<\/div>\n<div class=\"separator\">\u00a0<\/div>\n<div class=\"separator\">menina<\/div>\n<div class=\"separator\">primeira namorada<\/div>\n<div class=\"separator\">\u00a0<\/div>\n<div class=\"separator\">\u00a0<\/div>\n<div class=\"separator\">.<\/div>\n<p>&nbsp;<\/p>","protected":false},"excerpt":{"rendered":"<p>E eis aqui um terceiro compacto Odeon, trazendo o cantor e compositor mineiro Luiz Claudio, artista que iniciou sua carreira ainda nos anos 50, tendo gravado diversos discos, alguns deles j\u00e1 apresentado no nosso Toque Musical. E agora temos este &hellip; <a href=\"https:\/\/www.toque-musicall.com\/?p=11134\">Continue lendo <span class=\"meta-nav\">&rarr;<\/span><\/a><\/p>\n","protected":false},"author":1,"featured_media":0,"comment_status":"closed","ping_status":"closed","sticky":false,"template":"","format":"standard","meta":{"footnotes":""},"categories":[1],"tags":[3072,5598,3153],"class_list":["post-11134","post","type-post","status-publish","format-standard","hentry","category-sem-categoria","tag-compactos","tag-luiz-claudio","tag-selo-odeon"],"_links":{"self":[{"href":"https:\/\/www.toque-musicall.com\/index.php?rest_route=\/wp\/v2\/posts\/11134","targetHints":{"allow":["GET"]}}],"collection":[{"href":"https:\/\/www.toque-musicall.com\/index.php?rest_route=\/wp\/v2\/posts"}],"about":[{"href":"https:\/\/www.toque-musicall.com\/index.php?rest_route=\/wp\/v2\/types\/post"}],"author":[{"embeddable":true,"href":"https:\/\/www.toque-musicall.com\/index.php?rest_route=\/wp\/v2\/users\/1"}],"replies":[{"embeddable":true,"href":"https:\/\/www.toque-musicall.com\/index.php?rest_route=%2Fwp%2Fv2%2Fcomments&post=11134"}],"version-history":[{"count":1,"href":"https:\/\/www.toque-musicall.com\/index.php?rest_route=\/wp\/v2\/posts\/11134\/revisions"}],"predecessor-version":[{"id":11135,"href":"https:\/\/www.toque-musicall.com\/index.php?rest_route=\/wp\/v2\/posts\/11134\/revisions\/11135"}],"wp:attachment":[{"href":"https:\/\/www.toque-musicall.com\/index.php?rest_route=%2Fwp%2Fv2%2Fmedia&parent=11134"}],"wp:term":[{"taxonomy":"category","embeddable":true,"href":"https:\/\/www.toque-musicall.com\/index.php?rest_route=%2Fwp%2Fv2%2Fcategories&post=11134"},{"taxonomy":"post_tag","embeddable":true,"href":"https:\/\/www.toque-musicall.com\/index.php?rest_route=%2Fwp%2Fv2%2Ftags&post=11134"}],"curies":[{"name":"wp","href":"https:\/\/api.w.org\/{rel}","templated":true}]}}