{"id":11139,"date":"2025-05-12T20:32:08","date_gmt":"2025-05-12T23:32:08","guid":{"rendered":"https:\/\/www.toque-musicall.com\/?p=11139"},"modified":"2025-05-23T19:39:20","modified_gmt":"2025-05-23T22:39:20","slug":"clara-nunes-1973","status":"publish","type":"post","link":"https:\/\/www.toque-musicall.com\/?p=11139","title":{"rendered":"Clara Nunes (1973)"},"content":{"rendered":"\n<figure class=\"wp-block-image size-large\"><img decoding=\"async\" src=\"https:\/\/blogger.googleusercontent.com\/img\/b\/R29vZ2xl\/AVvXsEhIs6OlGR8gfCKrdjToAt2-gOj1-loT-wjbMUSdsW0wJzLFa9bdBXVUtuFZlggK6QOyuBTl49Dl4bwGWxKC7rmPZkv5AmAhfmdxEvrpT9xy_fGryCS1VA0co2ghUQb82mmbVLPJo-Bi1UQvjFh_bEzcZsl9G_RSfxxa9kYtY6_iomlO6PMnDlktfigmX8Ad\/w640-h640\/Capturar.JPG\" alt=\"\"\/><\/figure>\n\n\n\n<figure class=\"wp-block-image size-large\"><img decoding=\"async\" src=\"https:\/\/blogger.googleusercontent.com\/img\/b\/R29vZ2xl\/AVvXsEjDB39HY70BksNf_WTFIZKjn9eg35vHiGJAdhFv4KuqDbDQAwp3tXs5CldOLvDU-k2-cLVoiLrlR2RrXz21k3u9oWR0BBuz9hSHqmoTH_KYSpuiL46g8jyLEjQngFRFPmGVO_Tmiat65_BkVCwHBxhb0144tXRY6DYU5Xp4CSD9IF7XL5sCD4IrpljZZSgn\/w628-h640\/Capturarb.JPG\" alt=\"\"\/><\/figure>\n\n\n<div class=\"separator\">E n\u00e3o \u00e9 que temos ainda mais discos da Odeon? Aqui um lan\u00e7amento promocional trazendo em compacto simples, a inesquec\u00edvel Clara Nunes. Disquinho de 1973 anunciando o lan\u00e7amento do lp, tamb\u00e9m naquele mesmo ano de 73, trazendo o sucesso &#8220;Tristeza p\u00e9 no ch\u00e3o&#8221;. Este lp ainda n\u00e3o trouxemos por aqui, mas uma hora aparece \ud83d\ude42<\/div>\n<div class=\"separator\">\u00a0<\/div>\n<div class=\"separator\">tristeza p\u00e9 no ch\u00e3o<\/div>\n<div class=\"separator\">o mais que perfeito<\/div>\n<div class=\"separator\">\u00a0<\/div>\n<div class=\"separator\">\u00a0<\/div>\n<div class=\"separator\">\u00a0<\/div>\n<div class=\"separator\">.<\/div>","protected":false},"excerpt":{"rendered":"<p>E n\u00e3o \u00e9 que temos ainda mais discos da Odeon? Aqui um lan\u00e7amento promocional trazendo em compacto simples, a inesquec\u00edvel Clara Nunes. Disquinho de 1973 anunciando o lan\u00e7amento do lp, tamb\u00e9m naquele mesmo ano de 73, trazendo o sucesso &#8220;Tristeza &hellip; <a href=\"https:\/\/www.toque-musicall.com\/?p=11139\">Continue lendo <span class=\"meta-nav\">&rarr;<\/span><\/a><\/p>\n","protected":false},"author":1,"featured_media":0,"comment_status":"closed","ping_status":"closed","sticky":false,"template":"","format":"standard","meta":{"footnotes":""},"categories":[1],"tags":[5954,3072,3153],"class_list":["post-11139","post","type-post","status-publish","format-standard","hentry","category-sem-categoria","tag-clara-nunes","tag-compactos","tag-selo-odeon"],"_links":{"self":[{"href":"https:\/\/www.toque-musicall.com\/index.php?rest_route=\/wp\/v2\/posts\/11139","targetHints":{"allow":["GET"]}}],"collection":[{"href":"https:\/\/www.toque-musicall.com\/index.php?rest_route=\/wp\/v2\/posts"}],"about":[{"href":"https:\/\/www.toque-musicall.com\/index.php?rest_route=\/wp\/v2\/types\/post"}],"author":[{"embeddable":true,"href":"https:\/\/www.toque-musicall.com\/index.php?rest_route=\/wp\/v2\/users\/1"}],"replies":[{"embeddable":true,"href":"https:\/\/www.toque-musicall.com\/index.php?rest_route=%2Fwp%2Fv2%2Fcomments&post=11139"}],"version-history":[{"count":1,"href":"https:\/\/www.toque-musicall.com\/index.php?rest_route=\/wp\/v2\/posts\/11139\/revisions"}],"predecessor-version":[{"id":11140,"href":"https:\/\/www.toque-musicall.com\/index.php?rest_route=\/wp\/v2\/posts\/11139\/revisions\/11140"}],"wp:attachment":[{"href":"https:\/\/www.toque-musicall.com\/index.php?rest_route=%2Fwp%2Fv2%2Fmedia&parent=11139"}],"wp:term":[{"taxonomy":"category","embeddable":true,"href":"https:\/\/www.toque-musicall.com\/index.php?rest_route=%2Fwp%2Fv2%2Fcategories&post=11139"},{"taxonomy":"post_tag","embeddable":true,"href":"https:\/\/www.toque-musicall.com\/index.php?rest_route=%2Fwp%2Fv2%2Ftags&post=11139"}],"curies":[{"name":"wp","href":"https:\/\/api.w.org\/{rel}","templated":true}]}}