{"id":1114,"date":"2009-08-18T10:34:00","date_gmt":"2009-08-18T10:34:00","guid":{"rendered":"http:\/\/www.toque-musicall.com\/?p=1114"},"modified":"2009-08-18T10:34:00","modified_gmt":"2009-08-18T10:34:00","slug":"roberto-riberti-1977","status":"publish","type":"post","link":"https:\/\/www.toque-musicall.com\/?p=1114","title":{"rendered":"Roberto Riberti (1977)"},"content":{"rendered":"<p><a href=\"http:\/\/1.bp.blogspot.com\/_DSKVEvHtskc\/SoqEfhpGXUI\/AAAAAAAAFNY\/2TCF40JvpZc\/s1600-h\/roberto+roberti+P.JPG\"><img decoding=\"async\" style=\"display:block; margin:0px auto 10px; text-align:center;cursor:pointer; cursor:hand;width: 395px; height: 400px;\" src=\"http:\/\/1.bp.blogspot.com\/_DSKVEvHtskc\/SoqEfhpGXUI\/AAAAAAAAFNY\/2TCF40JvpZc\/s400\/roberto+roberti+P.JPG\" border=\"0\" alt=\"\" id=\"BLOGGER_PHOTO_ID_5371251182734302530\" \/><\/a>Ol\u00e1, amigos cultos e ocultos! Segue aqui mais uma <span>postagem<\/span>, relembrando e resgatando quem merece e para quem merece. Vamos com o cantor, compositor, instrumentista e produtor musical, o <span>paulista<\/span> Roberto <span>Riberti<\/span>. Ouvi este disco h\u00e1 uns dez anos atr\u00e1s, um trabalho muito interessante, essencialmente m\u00fasica popular brasileira. Reencontrei-o novamente a pouco tempo e confirmei minhas boas impress\u00f5es. Ao pensar e preparar esta <span>postagem<\/span>, acabei descobrindo <a href=\"http:\/\/www.robertoriberti.com.br\/\">o site de <span>Riberti<\/span><\/a>. Nele o artista mapeia toda a sua vida e tamb\u00e9m vende sua discografia em formato de <span>cd<\/span>, inclusive este \u00e1lbum que foi seu disco de <span>estr\u00e9ia<\/span>. Por um momento pensei em n\u00e3o publicar esta <span>postagem<\/span> com link, afinal o cara ainda acredita na venda de fonogramas e tem l\u00e1 o &#8216;<span>cedezinho<\/span>&#8216; pronto. Se tem uma coisa que eu n\u00e3o gosto de atrapalhar \u00e9 o neg\u00f3cio e a vida dos outros. Mas em se tratando de um artista t\u00e3o <span>bacana<\/span> e nessa altura do campeonato, vou arriscar a <span>postagem<\/span>, sem mesmo t\u00ea-lo pedido a permiss\u00e3o, acreditando que o fa\u00e7o na melhor das <span>inten\u00e7\u00f5es<\/span>, com o mesmo prop\u00f3sito de todos os outros artistas e t\u00edtulos postados aqui. Para um \u00e1lbum de estreante, percebe-se logo que o cara \u00e9 um artista acima da m\u00e9dia e vem muito bem acompanhado por Eduardo <span>Gudin<\/span>, Paulinho da Viola e <span>MPB<\/span> 4, que fazem participa\u00e7\u00f5es especiais. <span>Riberti<\/span> interpreta &#8220;Ruas que sonhei&#8221; de Paulinho da Viola. As outras faixas s\u00e3o composi\u00e7\u00f5es pr\u00f3prias e parcerias com <span>Gudin<\/span>, Maur\u00edcio <span>Tapaj\u00f3s<\/span> e Paulo <span>C\u00e9sar<\/span> Pinheiro. Os arranjos e reg\u00eancia s\u00e3o do maestro Jos\u00e9 <span>Briamonte<\/span>. Por a\u00ed d\u00e1 para se ter uma ideia do que vamos encontrar. Muito bom!<\/p>\n<div><\/div>\n<div style=\"text-align: center;\">apenas mais um<\/div>\n<div style=\"text-align: center;\">ruas que sonhei<\/div>\n<div style=\"text-align: center;\">vidra\u00e7a<\/div>\n<div style=\"text-align: center;\">dilema<\/div>\n<div style=\"text-align: center;\">n\u00e3o demore<\/div>\n<div style=\"text-align: center;\">can\u00e7\u00e3o popular<\/div>\n<div style=\"text-align: center;\">rede de espera<\/div>\n<div style=\"text-align: center;\">proezas <span>do cora\u00e7\u00e3o<\/span><\/div>\n<div style=\"text-align: center;\">rendi\u00e7\u00e3o<\/div>\n<div style=\"text-align: center;\">mesti\u00e7a<\/div>\n<div style=\"text-align: center;\">em peda\u00e7os<\/div>\n<div style=\"text-align: center;\">brincadeira<\/div>\n<div style=\"text-align: center;\">luzia<\/div>\n<div style=\"text-align: center;\">teu reinado<\/div>\n<div style=\"text-align: center;\"><\/div>\n<div style=\"text-align: center;\"><\/div>\n","protected":false},"excerpt":{"rendered":"<p>Ol\u00e1, amigos cultos e ocultos! Segue aqui mais uma postagem, relembrando e resgatando quem merece e para quem merece. Vamos com o cantor, compositor, instrumentista e produtor musical, o paulista Roberto Riberti. Ouvi este disco h\u00e1 uns dez anos atr\u00e1s, &hellip; <a href=\"https:\/\/www.toque-musicall.com\/?p=1114\">Continue lendo <span class=\"meta-nav\">&rarr;<\/span><\/a><\/p>\n","protected":false},"author":1,"featured_media":0,"comment_status":"open","ping_status":"closed","sticky":false,"template":"","format":"standard","meta":{"footnotes":""},"categories":[1392],"tags":[],"class_list":["post-1114","post","type-post","status-publish","format-standard","hentry","category-roberto-riberti"],"_links":{"self":[{"href":"https:\/\/www.toque-musicall.com\/index.php?rest_route=\/wp\/v2\/posts\/1114","targetHints":{"allow":["GET"]}}],"collection":[{"href":"https:\/\/www.toque-musicall.com\/index.php?rest_route=\/wp\/v2\/posts"}],"about":[{"href":"https:\/\/www.toque-musicall.com\/index.php?rest_route=\/wp\/v2\/types\/post"}],"author":[{"embeddable":true,"href":"https:\/\/www.toque-musicall.com\/index.php?rest_route=\/wp\/v2\/users\/1"}],"replies":[{"embeddable":true,"href":"https:\/\/www.toque-musicall.com\/index.php?rest_route=%2Fwp%2Fv2%2Fcomments&post=1114"}],"version-history":[{"count":0,"href":"https:\/\/www.toque-musicall.com\/index.php?rest_route=\/wp\/v2\/posts\/1114\/revisions"}],"wp:attachment":[{"href":"https:\/\/www.toque-musicall.com\/index.php?rest_route=%2Fwp%2Fv2%2Fmedia&parent=1114"}],"wp:term":[{"taxonomy":"category","embeddable":true,"href":"https:\/\/www.toque-musicall.com\/index.php?rest_route=%2Fwp%2Fv2%2Fcategories&post=1114"},{"taxonomy":"post_tag","embeddable":true,"href":"https:\/\/www.toque-musicall.com\/index.php?rest_route=%2Fwp%2Fv2%2Ftags&post=1114"}],"curies":[{"name":"wp","href":"https:\/\/api.w.org\/{rel}","templated":true}]}}