{"id":11143,"date":"2025-05-11T19:32:41","date_gmt":"2025-05-11T22:32:41","guid":{"rendered":"https:\/\/www.toque-musicall.com\/?p=11143"},"modified":"2025-05-23T19:39:48","modified_gmt":"2025-05-23T22:39:48","slug":"eliana-pittman-1971","status":"publish","type":"post","link":"https:\/\/www.toque-musicall.com\/?p=11143","title":{"rendered":"Eliana Pittman (1971)\u00a0"},"content":{"rendered":"\n<figure class=\"wp-block-image size-large\"><img decoding=\"async\" src=\"https:\/\/blogger.googleusercontent.com\/img\/b\/R29vZ2xl\/AVvXsEgPyQk6BKVxDIVuYrrpjDJpcDp3w_4s9p6bs1SAIM5ylcStLyW_RmmQch6A_RJ2MtddG08uoFSlx1YjAPl9esUZ_5mGjYQZSPt9vO94fynCzJN66t3CBcq6mxN8oDLgE0lbsgViNW_14w3-9yi8ocfAtVX-IxmuIMxLCeq3-8DS9ij3ZaHAjA4GXUJ9yEXF\/w634-h640\/Capturar.JPG\" alt=\"\"\/><\/figure>\n\n\n\n<figure class=\"wp-block-image size-large\"><img decoding=\"async\" src=\"https:\/\/blogger.googleusercontent.com\/img\/b\/R29vZ2xl\/AVvXsEge21BEF99X0CP9-TWgGbrEGNJ5-2VDrFsx-Bci3fZ9EmTePjzCPDhXQngPsyLwoEqM5IyWQHDBQfT8j6JIIwVMR_LOaOncQNbSktUuOLpRZcAKrJg1HayDsPD0Oq4N863CpJ_aKRXcktN2IJLzRL52BtZ5t1eQ8i_lG7zTtnSZ5OODVFCKwVs7GI_D5175\/w632-h640\/Capturarb.JPG\" alt=\"\"\/><\/figure>\n\n\n<div class=\"separator\">S\u00f3 t\u00e1 dando compactos da Odeon por aqui&#8230; E nesta, vamos trazendo aqui um compacto da Eliana Pittman, de 1971. Por um engano, acabamos trocando as capinhas dos disquinhos. Esta \u00e9 do compacto &#8220;4 Sucessos&#8221;, que n\u00e3o \u00e9 do selo verde e rosa. Mas tudo bem&#8230;t\u00e1 valendo, n\u00e9? S\u00e3o tantas as emo\u00e7\u00f5es, como diria Roberto Carlos. Ent\u00e3o, seguimos com a cantora Eliana Pittman trazendo &#8220;Porto Seguro&#8221; e o grande sucesso &#8220;Das 200 para l\u00e1&#8221;. M\u00fasicas que estariam presentes em seu lp, tamb\u00e9m daquele mesmo ano de 71.<\/div>\n<div class=\"separator\">\u00a0<\/div>\n<div class=\"separator\">das 200 para l\u00e1<\/div>\n<div class=\"separator\">porto seguro<\/div>\n<div class=\"separator\">\u00a0<\/div>\n<div class=\"separator\">\u00a0<\/div>\n<div class=\"separator\">.\u00a0<\/div>","protected":false},"excerpt":{"rendered":"<p>S\u00f3 t\u00e1 dando compactos da Odeon por aqui&#8230; E nesta, vamos trazendo aqui um compacto da Eliana Pittman, de 1971. Por um engano, acabamos trocando as capinhas dos disquinhos. Esta \u00e9 do compacto &#8220;4 Sucessos&#8221;, que n\u00e3o \u00e9 do selo &hellip; <a href=\"https:\/\/www.toque-musicall.com\/?p=11143\">Continue lendo <span class=\"meta-nav\">&rarr;<\/span><\/a><\/p>\n","protected":false},"author":1,"featured_media":0,"comment_status":"closed","ping_status":"closed","sticky":false,"template":"","format":"standard","meta":{"footnotes":""},"categories":[1],"tags":[3072,3664,3153],"class_list":["post-11143","post","type-post","status-publish","format-standard","hentry","category-sem-categoria","tag-compactos","tag-eliana-pittman","tag-selo-odeon"],"_links":{"self":[{"href":"https:\/\/www.toque-musicall.com\/index.php?rest_route=\/wp\/v2\/posts\/11143","targetHints":{"allow":["GET"]}}],"collection":[{"href":"https:\/\/www.toque-musicall.com\/index.php?rest_route=\/wp\/v2\/posts"}],"about":[{"href":"https:\/\/www.toque-musicall.com\/index.php?rest_route=\/wp\/v2\/types\/post"}],"author":[{"embeddable":true,"href":"https:\/\/www.toque-musicall.com\/index.php?rest_route=\/wp\/v2\/users\/1"}],"replies":[{"embeddable":true,"href":"https:\/\/www.toque-musicall.com\/index.php?rest_route=%2Fwp%2Fv2%2Fcomments&post=11143"}],"version-history":[{"count":1,"href":"https:\/\/www.toque-musicall.com\/index.php?rest_route=\/wp\/v2\/posts\/11143\/revisions"}],"predecessor-version":[{"id":11144,"href":"https:\/\/www.toque-musicall.com\/index.php?rest_route=\/wp\/v2\/posts\/11143\/revisions\/11144"}],"wp:attachment":[{"href":"https:\/\/www.toque-musicall.com\/index.php?rest_route=%2Fwp%2Fv2%2Fmedia&parent=11143"}],"wp:term":[{"taxonomy":"category","embeddable":true,"href":"https:\/\/www.toque-musicall.com\/index.php?rest_route=%2Fwp%2Fv2%2Fcategories&post=11143"},{"taxonomy":"post_tag","embeddable":true,"href":"https:\/\/www.toque-musicall.com\/index.php?rest_route=%2Fwp%2Fv2%2Ftags&post=11143"}],"curies":[{"name":"wp","href":"https:\/\/api.w.org\/{rel}","templated":true}]}}