{"id":1115,"date":"2009-08-17T09:08:00","date_gmt":"2009-08-17T09:08:00","guid":{"rendered":"http:\/\/www.toque-musicall.com\/?p=1115"},"modified":"2009-08-17T09:08:00","modified_gmt":"2009-08-17T09:08:00","slug":"grupo-capote-no-forrock-1972","status":"publish","type":"post","link":"https:\/\/www.toque-musicall.com\/?p=1115","title":{"rendered":"Grupo Capote &#8211; No Forrock (1972)"},"content":{"rendered":"<p><a href=\"http:\/\/4.bp.blogspot.com\/_DSKVEvHtskc\/Soke7ywFCuI\/AAAAAAAAFMw\/E5pZDapj1io\/s1600-h\/capote+P.JPG\"><img decoding=\"async\" style=\"display:block; margin:0px auto 10px; text-align:center;cursor:pointer; cursor:hand;width: 400px; height: 387px;\" src=\"http:\/\/4.bp.blogspot.com\/_DSKVEvHtskc\/Soke7ywFCuI\/AAAAAAAAFMw\/E5pZDapj1io\/s400\/capote+P.JPG\" border=\"0\" alt=\"\" id=\"BLOGGER_PHOTO_ID_5370858043200572130\" \/><\/a>Bom dia, amigos cultos e ocultos! Aqui vou eu come\u00e7ando a semana num pique s\u00f3. Cheio de coisas por fazer e novamente com o tempo reduzido. Mas n\u00e3o vou deixar a peteca cair. Nossa postagem di\u00e1ria \u00e9 sagrada! Para despertar mais aten\u00e7\u00e3o, eu hoje vou come\u00e7ar trazendo um disco que muitos t\u00eam constantemente me pedido, o primeiro do Grupo Capote. Depois de ter postado recentemente um disco do Odair Cabe\u00e7a de Poeta, achei que seria uma boa repetir a dose, com direito a mais dois dedos de choro. Segue ent\u00e3o o &#8220;Grupo Capote No Forrock&#8221;, sem d\u00favida, o melhor disco do grupo de Odair. Lan\u00e7ado no in\u00edcio dos anos 70, este \u00e1lbum trazia como diferencial uma proposta musical at\u00e9 ent\u00e3o in\u00e9dita, a fus\u00e3o de ritmos nordestinos com a m\u00fasica jovem, o pop\/rock. O disco traz dez m\u00fasicas com letras bem humoradas e descontra\u00eddas. Tem composi\u00e7\u00f5es de Gordurinha, Dorival Caymmi e Tom Z\u00e9. Mas o destaque vai para a faixa &#8220;A feira&#8221;, m\u00fasica que chamou muita aten\u00e7\u00e3o pelo seu refr\u00e3o, que ao ser cantado soava como se tivesse dizendo &#8216;filha da puta&#8217; e chegou a ser proibida de execu\u00e7\u00e3o em r\u00e1dios. Me lembro que esta m\u00fasica era o m\u00e1ximo e toda a vez que gente queria provocar as pessoas era s\u00f3 colocar &#8220;A feira&#8221; para tocar. E pensar que hoje em dia se ouve em p\u00fablico, alto e em bom som a &#8216;podrera&#8217; do chamado &#8220;funk carioca&#8221;. Esta sim \u00e9 a aut\u00eantica feira da puta (ups!), quer dizer, da fruta &#8211; com direito a mulher moraguinho, mel\u00e2ncia, jaca, mel\u00e3o, jaboticaba, mixirica e por a\u00ed a fora&#8230; Nesta hora \u00e9 que lembro da minha v\u00f3 dizendo: onde iremos parar???<\/p>\n<div>Mas enfim, ta\u00ed o disc\u00e3o t\u00e3o esperado do Grupo Capote. Este \u00e1lbum eu guardei comigo por muito tempo, at\u00e9 que recebi uma oferta irrecus\u00e1vel. Na pressa, ripei o disco mas sem perceber que estava em baixa qualidade e tamb\u00e9m, na \u00e9poca, n\u00e3o me importei em copiar direito a capa. Mas quem tem amigos n\u00e3o passa dificuldades e o que \u00e9 do homem o bicho n\u00e3o come. Salve o &#8216;brother&#8217; Ricardo Boi! Valeu a colabora\u00e7\u00e3o! <\/div>\n<div><\/div>\n<div style=\"text-align: center;\">xeque-mate blue<\/div>\n<div style=\"text-align: center;\">bomlero<\/div>\n<div style=\"text-align: center;\">carolina vai, carolina vem&#8230;<\/div>\n<div style=\"text-align: center;\">paulada no coqueiro<\/div>\n<div style=\"text-align: center;\">a feira<\/div>\n<div style=\"text-align: center;\">forrock<\/div>\n<div style=\"text-align: center;\">fiz uma viagem<\/div>\n<div style=\"text-align: center;\">tu t\u00e1 comendo vrido<\/div>\n<div style=\"text-align: center;\">eu disse que disse<\/div>\n<div style=\"text-align: center;\">minha calma espiritual imediata<\/div>\n<div style=\"text-align: center;\"><\/div>\n<div style=\"text-align: center;\"><\/div>\n","protected":false},"excerpt":{"rendered":"<p>Bom dia, amigos cultos e ocultos! Aqui vou eu come\u00e7ando a semana num pique s\u00f3. Cheio de coisas por fazer e novamente com o tempo reduzido. Mas n\u00e3o vou deixar a peteca cair. Nossa postagem di\u00e1ria \u00e9 sagrada! Para despertar &hellip; <a href=\"https:\/\/www.toque-musicall.com\/?p=1115\">Continue lendo <span class=\"meta-nav\">&rarr;<\/span><\/a><\/p>\n","protected":false},"author":1,"featured_media":0,"comment_status":"open","ping_status":"closed","sticky":false,"template":"","format":"standard","meta":{"footnotes":""},"categories":[1393,1226],"tags":[],"class_list":["post-1115","post","type-post","status-publish","format-standard","hentry","category-grupo-capote","category-odair-cabeca-de-poeta"],"_links":{"self":[{"href":"https:\/\/www.toque-musicall.com\/index.php?rest_route=\/wp\/v2\/posts\/1115","targetHints":{"allow":["GET"]}}],"collection":[{"href":"https:\/\/www.toque-musicall.com\/index.php?rest_route=\/wp\/v2\/posts"}],"about":[{"href":"https:\/\/www.toque-musicall.com\/index.php?rest_route=\/wp\/v2\/types\/post"}],"author":[{"embeddable":true,"href":"https:\/\/www.toque-musicall.com\/index.php?rest_route=\/wp\/v2\/users\/1"}],"replies":[{"embeddable":true,"href":"https:\/\/www.toque-musicall.com\/index.php?rest_route=%2Fwp%2Fv2%2Fcomments&post=1115"}],"version-history":[{"count":0,"href":"https:\/\/www.toque-musicall.com\/index.php?rest_route=\/wp\/v2\/posts\/1115\/revisions"}],"wp:attachment":[{"href":"https:\/\/www.toque-musicall.com\/index.php?rest_route=%2Fwp%2Fv2%2Fmedia&parent=1115"}],"wp:term":[{"taxonomy":"category","embeddable":true,"href":"https:\/\/www.toque-musicall.com\/index.php?rest_route=%2Fwp%2Fv2%2Fcategories&post=1115"},{"taxonomy":"post_tag","embeddable":true,"href":"https:\/\/www.toque-musicall.com\/index.php?rest_route=%2Fwp%2Fv2%2Ftags&post=1115"}],"curies":[{"name":"wp","href":"https:\/\/api.w.org\/{rel}","templated":true}]}}