{"id":11151,"date":"2025-05-16T20:21:21","date_gmt":"2025-05-16T23:21:21","guid":{"rendered":"https:\/\/www.toque-musicall.com\/?p=11151"},"modified":"2025-05-25T20:25:48","modified_gmt":"2025-05-25T23:25:48","slug":"wanderlea-antonio-claudio-v-festival-internacional-da-cancao-popular-1970","status":"publish","type":"post","link":"https:\/\/www.toque-musicall.com\/?p=11151","title":{"rendered":"Wanderl\u00e9a &#8211; Antonio Claudio &#8211; V Festival Internacional Da Can\u00e7\u00e3o Popular (1970)"},"content":{"rendered":"\n<figure class=\"wp-block-image size-large\"><img decoding=\"async\" src=\"https:\/\/blogger.googleusercontent.com\/img\/b\/R29vZ2xl\/AVvXsEho7bmRgTfYYV14nqMgcp4pBHMEVjKFXN4HAsIzF7oFTdrjXDwNO9-gT88J8Hw43Fv-b5e65IOh-JOO5yHT6MyD7dLtIO749BIMfLg6qWJ3Sjd0N6Lyij9LPAj_cAAC1CU-QOgW2dj7iZNRCXllDJKYxgDu2j39joqyXgBEhYEkHpcqkzhM39-SI-_cb3zO\/w640-h628\/Capturarf.JPG\" alt=\"\"\/><\/figure>\n\n\n\n<figure class=\"wp-block-image size-large\"><img decoding=\"async\" src=\"https:\/\/blogger.googleusercontent.com\/img\/b\/R29vZ2xl\/AVvXsEiSvjp8fuxyCxVq7s4MSNilP3On3xSyyj9SO6eyMw9Xu52eg0IlAEKlbC1h7hyphenhyphenRS_yipClfJgHASJLv1Z0Q4N6YcuyID0AQjHfhtMAMjfrtuQ2F6Iqe7wxZap66noVHanSrlMgcVHUq79Oz2080JODu8e1gPydghve9SDoS4k5Vgail6mVFhQZbUn-63YSk\/w640-h640\/Capturar.JPG\" alt=\"\"\/><\/figure>\n\n\n\n<figure class=\"wp-block-image size-large\"><img decoding=\"async\" src=\"https:\/\/blogger.googleusercontent.com\/img\/b\/R29vZ2xl\/AVvXsEiVHfGknhrmboJQa6esIGHvk_NM36uRBHJnMQmloHp0hKDYOYXEFK4VvVehZyT7OaTzZYJyjGahVCoqOwpbII9v2fGO8x_eH0ilgu-ROd4I1N-jKVcIWFFvzyaqRxqJGc3_KrM4QqJlOICuG8GlZi_kdCQJYV9Bfu4_Nmk4kicHOKferSjzGtnDRpI2wGAW\/w640-h626\/Capturarc.JPG\" alt=\"\"\/><\/figure>\n\n\n<div class=\"separator\">Aqui, outro raro disquinho de sete polegadas da Polydor. Lan\u00e7ado em 1970, este compacto simples \u00e9 uma esp\u00e9cie de amostra das novidades de artistas deste selo. No caso, temos Wanderl\u00e9a, com &#8220;A charanga&#8221; e Ant\u00f4nio Claudio com &#8220;Aleluia, aleluinha para cinco cavaleiros&#8221;, dois artistas e duas composi\u00e7\u00f5es distintas que fizeram parte do V Festival Internacional da Can\u00e7\u00e3o Popular. Possivelmente, essas grava\u00e7\u00f5es s\u00f3 existem neste compacto.<\/div>\n<div class=\"separator\">\u00a0<\/div>\n<div class=\"separator\">a charanga &#8211; wanderl\u00e9a<\/div>\n<div class=\"separator\">aleluia aleuinha para cinco cavaleiros &#8211; antonio claudio<\/div>","protected":false},"excerpt":{"rendered":"<p>Aqui, outro raro disquinho de sete polegadas da Polydor. Lan\u00e7ado em 1970, este compacto simples \u00e9 uma esp\u00e9cie de amostra das novidades de artistas deste selo. No caso, temos Wanderl\u00e9a, com &#8220;A charanga&#8221; e Ant\u00f4nio Claudio com &#8220;Aleluia, aleluinha para &hellip; <a href=\"https:\/\/www.toque-musicall.com\/?p=11151\">Continue lendo <span class=\"meta-nav\">&rarr;<\/span><\/a><\/p>\n","protected":false},"author":1,"featured_media":0,"comment_status":"closed","ping_status":"closed","sticky":false,"template":"","format":"standard","meta":{"footnotes":""},"categories":[1],"tags":[3072,3364,3057,3620],"class_list":["post-11151","post","type-post","status-publish","format-standard","hentry","category-sem-categoria","tag-compactos","tag-festivais","tag-selo-polydor","tag-wanderlea"],"_links":{"self":[{"href":"https:\/\/www.toque-musicall.com\/index.php?rest_route=\/wp\/v2\/posts\/11151","targetHints":{"allow":["GET"]}}],"collection":[{"href":"https:\/\/www.toque-musicall.com\/index.php?rest_route=\/wp\/v2\/posts"}],"about":[{"href":"https:\/\/www.toque-musicall.com\/index.php?rest_route=\/wp\/v2\/types\/post"}],"author":[{"embeddable":true,"href":"https:\/\/www.toque-musicall.com\/index.php?rest_route=\/wp\/v2\/users\/1"}],"replies":[{"embeddable":true,"href":"https:\/\/www.toque-musicall.com\/index.php?rest_route=%2Fwp%2Fv2%2Fcomments&post=11151"}],"version-history":[{"count":1,"href":"https:\/\/www.toque-musicall.com\/index.php?rest_route=\/wp\/v2\/posts\/11151\/revisions"}],"predecessor-version":[{"id":11152,"href":"https:\/\/www.toque-musicall.com\/index.php?rest_route=\/wp\/v2\/posts\/11151\/revisions\/11152"}],"wp:attachment":[{"href":"https:\/\/www.toque-musicall.com\/index.php?rest_route=%2Fwp%2Fv2%2Fmedia&parent=11151"}],"wp:term":[{"taxonomy":"category","embeddable":true,"href":"https:\/\/www.toque-musicall.com\/index.php?rest_route=%2Fwp%2Fv2%2Fcategories&post=11151"},{"taxonomy":"post_tag","embeddable":true,"href":"https:\/\/www.toque-musicall.com\/index.php?rest_route=%2Fwp%2Fv2%2Ftags&post=11151"}],"curies":[{"name":"wp","href":"https:\/\/api.w.org\/{rel}","templated":true}]}}