{"id":11153,"date":"2025-05-17T20:26:22","date_gmt":"2025-05-17T23:26:22","guid":{"rendered":"https:\/\/www.toque-musicall.com\/?p=11153"},"modified":"2025-05-27T10:29:45","modified_gmt":"2025-05-27T13:29:45","slug":"super-bacaba-1980","status":"publish","type":"post","link":"https:\/\/www.toque-musicall.com\/?p=11153","title":{"rendered":"Super Bacana (1980)\u00a0"},"content":{"rendered":"\n<figure class=\"wp-block-image size-large\"><img decoding=\"async\" src=\"https:\/\/blogger.googleusercontent.com\/img\/b\/R29vZ2xl\/AVvXsEgvX4BljyESxKjLXMESsgOJUd2TIuRUFiJzqgMLPDr4znDY-BqEU8mpTdCODqwWaYRMc25_JTMomcTDgIYCbBvdut80Zi8hcq4tgMDvwf_4hHrjWTzu_SUDY0VJDMCvRhdEfC19HCCno2SRysHreyX0Hgk3pTB8_wmOBuJYv0d4_D3HlwHubLWnk7Nny2V0\/w640-h634\/Capturar.JPG\" alt=\"\"\/><\/figure>\n\n\n\n<figure class=\"wp-block-image size-large\"><img decoding=\"async\" src=\"https:\/\/blogger.googleusercontent.com\/img\/b\/R29vZ2xl\/AVvXsEjQh_yL_71Ny4Kt80iuMd0O_iSwY9SdXJJ1xjw6G8MtKEpYPeSS8R0sFJaeSLlosZKN_yK1oGA2G0qgLIP1rAPW1MXb9nX_PuZAfouHi76OmlOG-9CZ2KVzoE9Y3PDkQUSERSDXZFj2eqJ6Hg5eL5WnQ_FogkNNKynLuA4wk4eS2b5KyJst-DNhyphenhyphenkFEe_0G\/w640-h634\/Capturarb.JPG\" alt=\"\"\/><\/figure>\n\n\n<div class=\"separator\">Desta vez, temos um compacto da Polydor no in\u00edcio do anos 80, apresentando o conjunto Super Bacana. Este grupo foi formado no Rio de Janeiro inicio dos anos 70. Tocavam em bailes e clubes da cidade ao lado de outros grandes grupos como The Fevers, Renato e seus Blue Caps, Painel de Controle&#8230; O Super Bacana era um conjunto profissional de baile. Animou muita festa no Rio de Janeiro nos anos 70 e 80. Gravatam o primeiro disco pela Polydor, em 1977. Um de seus grandes sucessos foi a &#8220;Mel\u00f4 da Pipa&#8221; (T\u00e1 Como Medo Tabar\u00e9u). Aqui, neste compacto de 1980, temos o conjunto em dois novos bons momentos, &#8220;Chorar pra que&#8221; e &#8220;Fora de moda&#8221;, essa \u00faltima, redescoberta pelos DJ&#8217;s de plant\u00e3o. Logo, logo o disquinho some do Mercado Livre ou sobe de pre\u00e7o.\u00a0 \ud83d\ude42<\/div>\n<div class=\"separator\">\u00a0<\/div>\n<div class=\"separator\">chorar pra que<\/div>\n<div class=\"separator\">fora de moda<\/div>\n<div class=\"separator\">\u00a0<\/div>\n<div class=\"separator\">\u00a0<\/div>","protected":false},"excerpt":{"rendered":"<p>Desta vez, temos um compacto da Polydor no in\u00edcio do anos 80, apresentando o conjunto Super Bacana. Este grupo foi formado no Rio de Janeiro inicio dos anos 70. Tocavam em bailes e clubes da cidade ao lado de outros &hellip; <a href=\"https:\/\/www.toque-musicall.com\/?p=11153\">Continue lendo <span class=\"meta-nav\">&rarr;<\/span><\/a><\/p>\n","protected":false},"author":1,"featured_media":0,"comment_status":"closed","ping_status":"closed","sticky":false,"template":"","format":"standard","meta":{"footnotes":""},"categories":[1],"tags":[3072,3057,5959],"class_list":["post-11153","post","type-post","status-publish","format-standard","hentry","category-sem-categoria","tag-compactos","tag-selo-polydor","tag-super-bacana"],"_links":{"self":[{"href":"https:\/\/www.toque-musicall.com\/index.php?rest_route=\/wp\/v2\/posts\/11153","targetHints":{"allow":["GET"]}}],"collection":[{"href":"https:\/\/www.toque-musicall.com\/index.php?rest_route=\/wp\/v2\/posts"}],"about":[{"href":"https:\/\/www.toque-musicall.com\/index.php?rest_route=\/wp\/v2\/types\/post"}],"author":[{"embeddable":true,"href":"https:\/\/www.toque-musicall.com\/index.php?rest_route=\/wp\/v2\/users\/1"}],"replies":[{"embeddable":true,"href":"https:\/\/www.toque-musicall.com\/index.php?rest_route=%2Fwp%2Fv2%2Fcomments&post=11153"}],"version-history":[{"count":2,"href":"https:\/\/www.toque-musicall.com\/index.php?rest_route=\/wp\/v2\/posts\/11153\/revisions"}],"predecessor-version":[{"id":11155,"href":"https:\/\/www.toque-musicall.com\/index.php?rest_route=\/wp\/v2\/posts\/11153\/revisions\/11155"}],"wp:attachment":[{"href":"https:\/\/www.toque-musicall.com\/index.php?rest_route=%2Fwp%2Fv2%2Fmedia&parent=11153"}],"wp:term":[{"taxonomy":"category","embeddable":true,"href":"https:\/\/www.toque-musicall.com\/index.php?rest_route=%2Fwp%2Fv2%2Fcategories&post=11153"},{"taxonomy":"post_tag","embeddable":true,"href":"https:\/\/www.toque-musicall.com\/index.php?rest_route=%2Fwp%2Fv2%2Ftags&post=11153"}],"curies":[{"name":"wp","href":"https:\/\/api.w.org\/{rel}","templated":true}]}}