{"id":11157,"date":"2025-05-18T20:20:30","date_gmt":"2025-05-18T23:20:30","guid":{"rendered":"https:\/\/www.toque-musicall.com\/?p=11157"},"modified":"2025-05-27T20:22:24","modified_gmt":"2025-05-27T23:22:24","slug":"antonio-marcos-1969","status":"publish","type":"post","link":"https:\/\/www.toque-musicall.com\/?p=11157","title":{"rendered":"Antonio Marcos (1969)\u00a0"},"content":{"rendered":"\n<figure class=\"wp-block-image size-large\"><img decoding=\"async\" src=\"https:\/\/blogger.googleusercontent.com\/img\/b\/R29vZ2xl\/AVvXsEg3Zh-V6Nx93NTCuyhhl6lJ818FOOhuS2hQq8gLsLgjeNHlaw6n4bfj89IDqwbsWnfajmXzJjNJW17cEeRbglKd-QBvjlZg07DUAUNdMVis-vnadYemZfIuQCHXsOrNW17L_ocePnrKvUs1Wgfrto9K-MzCq2zCApGhKfOeO2IlIpS8vl36Z4SwJIZakH8v\/w640-h624\/Capturar.JPG\" alt=\"\"\/><\/figure>\n\n\n\n<figure class=\"wp-block-image size-large\"><img decoding=\"async\" src=\"https:\/\/blogger.googleusercontent.com\/img\/b\/R29vZ2xl\/AVvXsEgzDc_tzNCyrgGS9culAblH7QRb_XRfihmxxmG8H7c_MGBev3nMZVcdTyywNpi0M1HVHKy6lcjPzh9hNsTr-bdkUxAE70CTAaNTeR2qRvRhmx8rW2C5lHfkvrLKTKe5zpPMFwOLFO_H9CAgKwllqdJVGH4D4EZHXNi7b_X9bpte-6zxZtAw7Ee-d5eeIcOV\/w640-h610\/Capturarb.JPG\" alt=\"\"\/><\/figure>\n\n\n<div class=\"separator\">Desta vez, vamos com um disquinho da RCA Victor. Compacto simples, lan\u00e7ado em 1969, trazendo o cantor e compositor Ant\u00f4nio Marcos, artista que fez muito sucesso nos anos 60 e 70. Foi casado com a cantora Vanusa. Antes de se lan\u00e7ar em carreira solo fez parte de um grupo vocal, Os Ca\u00e7ulas. TAmb\u00e9m foi ator, trabalhando em teatro e no cinema. Durante os anos 60 Antonio Marcos aparece em v\u00e1rios compactos, entre os quais este com um de seus sucessos, m\u00fasica de autoria de Nelson Ned, &#8220;Se eu pudesse conversar com Deus&#8221;. Ao que parece, as m\u00fasicas desses primeiros compactos n\u00e3o foram lan\u00e7adas em lp.<\/div>\n<div class=\"separator\">\u00a0<\/div>\n<div class=\"separator\">se eu pudesse conversar com deus<\/div>\n<div class=\"separator\">eu sou o mesmo de ontem<\/div>\n<div class=\"separator\">\u00a0<\/div>\n<div class=\"separator\">\u00a0<\/div>\n<div class=\"separator\">.<\/div>","protected":false},"excerpt":{"rendered":"<p>Desta vez, vamos com um disquinho da RCA Victor. Compacto simples, lan\u00e7ado em 1969, trazendo o cantor e compositor Ant\u00f4nio Marcos, artista que fez muito sucesso nos anos 60 e 70. Foi casado com a cantora Vanusa. Antes de se &hellip; <a href=\"https:\/\/www.toque-musicall.com\/?p=11157\">Continue lendo <span class=\"meta-nav\">&rarr;<\/span><\/a><\/p>\n","protected":false},"author":1,"featured_media":0,"comment_status":"closed","ping_status":"closed","sticky":false,"template":"","format":"standard","meta":{"footnotes":""},"categories":[1],"tags":[5960,3072,3061],"class_list":["post-11157","post","type-post","status-publish","format-standard","hentry","category-sem-categoria","tag-antonio-marcos","tag-compactos","tag-selo-rca-victor"],"_links":{"self":[{"href":"https:\/\/www.toque-musicall.com\/index.php?rest_route=\/wp\/v2\/posts\/11157","targetHints":{"allow":["GET"]}}],"collection":[{"href":"https:\/\/www.toque-musicall.com\/index.php?rest_route=\/wp\/v2\/posts"}],"about":[{"href":"https:\/\/www.toque-musicall.com\/index.php?rest_route=\/wp\/v2\/types\/post"}],"author":[{"embeddable":true,"href":"https:\/\/www.toque-musicall.com\/index.php?rest_route=\/wp\/v2\/users\/1"}],"replies":[{"embeddable":true,"href":"https:\/\/www.toque-musicall.com\/index.php?rest_route=%2Fwp%2Fv2%2Fcomments&post=11157"}],"version-history":[{"count":1,"href":"https:\/\/www.toque-musicall.com\/index.php?rest_route=\/wp\/v2\/posts\/11157\/revisions"}],"predecessor-version":[{"id":11158,"href":"https:\/\/www.toque-musicall.com\/index.php?rest_route=\/wp\/v2\/posts\/11157\/revisions\/11158"}],"wp:attachment":[{"href":"https:\/\/www.toque-musicall.com\/index.php?rest_route=%2Fwp%2Fv2%2Fmedia&parent=11157"}],"wp:term":[{"taxonomy":"category","embeddable":true,"href":"https:\/\/www.toque-musicall.com\/index.php?rest_route=%2Fwp%2Fv2%2Fcategories&post=11157"},{"taxonomy":"post_tag","embeddable":true,"href":"https:\/\/www.toque-musicall.com\/index.php?rest_route=%2Fwp%2Fv2%2Ftags&post=11157"}],"curies":[{"name":"wp","href":"https:\/\/api.w.org\/{rel}","templated":true}]}}