{"id":11159,"date":"2025-05-19T20:24:45","date_gmt":"2025-05-19T23:24:45","guid":{"rendered":"https:\/\/www.toque-musicall.com\/?p=11159"},"modified":"2025-05-27T20:28:16","modified_gmt":"2025-05-27T23:28:16","slug":"ednardo-1974","status":"publish","type":"post","link":"https:\/\/www.toque-musicall.com\/?p=11159","title":{"rendered":"Ednardo (1974)\u00a0"},"content":{"rendered":"\n<figure class=\"wp-block-image size-large\"><img decoding=\"async\" src=\"https:\/\/blogger.googleusercontent.com\/img\/b\/R29vZ2xl\/AVvXsEhgQjK2YUbUpcRVGQdO4M_F383Lh8C6t3km2muXh787_QEb6dPGVDJAtFNRjRzlGvkbm1BTxaaPKhNOCqQyw9XDwdUao8YJAcR05VCWRr_PmIs0MHIRjoKt3M3NALcMNbWOKLbkGCtLInbtij3rRZE8bFc47LzJkt63h-9UpNPumb0RHYvtcq_ESRkC2gqG\/w640-h612\/Capturar.JPG\" alt=\"\"\/><\/figure>\n\n\n\n<figure class=\"wp-block-image size-large\"><img decoding=\"async\" src=\"https:\/\/blogger.googleusercontent.com\/img\/b\/R29vZ2xl\/AVvXsEg-PepLK5yo6BZ6dNZeIIEOGyTzhNL2KN4YijJrjWpzN3QjM3b143s5pGJkj-GGRkmTNfCCVoR8Tp6WPJSwK4saKd1lQZ_hHPdk7ld5JleASpXCADFwGo6R06_20Ey1XlhQP5DvKWjTm4X9CH2Qn0ubbIq0C3yDZONkdzYClNDfPoZTGwRuGTzMlaCccUjB\/w640-h622\/Capturarb.JPG\" alt=\"\"\/><\/figure>\n\n\n<div class=\"separator\">Aqui, um outro compacto, estilo gen\u00e9rico das capinhas de pl\u00e1stico vermelho da RCA Victor, desta vez, um lan\u00e7amento de 1974 trazendo o cantor e compositor cearense, Ednardo. Neste compacto simples temos duas can\u00e7\u00f5es, &#8220;Carneiro&#8221; e &#8220;Pav\u00e3o Mysteriozo&#8221;, sendo esta segunda seu grande sucesso. O lp foi lan\u00e7ado em 74 e &#8220;Pav\u00e3o Mysteriozo&#8221; viria a ser tema de abertura da novela Saramandaia&#8221;, em 1976. No selo deste compacto podemos ver, o ano de lan\u00e7amento, 1974 e a referencia ao tema da novela de 76. Estranho, n\u00e9?\u00a0<\/div>\n<div class=\"separator\">\u00a0<\/div>\n<div class=\"separator\">carneiro<\/div>\n<div class=\"separator\">oav\u00e3o mysteriozo<\/div>\n<div class=\"separator\">\u00a0<\/div>\n<div class=\"separator\">\u00a0<\/div>\n<div class=\"separator\">.<\/div>\n<p>&nbsp;<\/p>","protected":false},"excerpt":{"rendered":"<p>Aqui, um outro compacto, estilo gen\u00e9rico das capinhas de pl\u00e1stico vermelho da RCA Victor, desta vez, um lan\u00e7amento de 1974 trazendo o cantor e compositor cearense, Ednardo. Neste compacto simples temos duas can\u00e7\u00f5es, &#8220;Carneiro&#8221; e &#8220;Pav\u00e3o Mysteriozo&#8221;, sendo esta segunda &hellip; <a href=\"https:\/\/www.toque-musicall.com\/?p=11159\">Continue lendo <span class=\"meta-nav\">&rarr;<\/span><\/a><\/p>\n","protected":false},"author":1,"featured_media":0,"comment_status":"closed","ping_status":"closed","sticky":false,"template":"","format":"standard","meta":{"footnotes":""},"categories":[1],"tags":[3072,3897,3061],"class_list":["post-11159","post","type-post","status-publish","format-standard","hentry","category-sem-categoria","tag-compactos","tag-ednardo","tag-selo-rca-victor"],"_links":{"self":[{"href":"https:\/\/www.toque-musicall.com\/index.php?rest_route=\/wp\/v2\/posts\/11159","targetHints":{"allow":["GET"]}}],"collection":[{"href":"https:\/\/www.toque-musicall.com\/index.php?rest_route=\/wp\/v2\/posts"}],"about":[{"href":"https:\/\/www.toque-musicall.com\/index.php?rest_route=\/wp\/v2\/types\/post"}],"author":[{"embeddable":true,"href":"https:\/\/www.toque-musicall.com\/index.php?rest_route=\/wp\/v2\/users\/1"}],"replies":[{"embeddable":true,"href":"https:\/\/www.toque-musicall.com\/index.php?rest_route=%2Fwp%2Fv2%2Fcomments&post=11159"}],"version-history":[{"count":1,"href":"https:\/\/www.toque-musicall.com\/index.php?rest_route=\/wp\/v2\/posts\/11159\/revisions"}],"predecessor-version":[{"id":11160,"href":"https:\/\/www.toque-musicall.com\/index.php?rest_route=\/wp\/v2\/posts\/11159\/revisions\/11160"}],"wp:attachment":[{"href":"https:\/\/www.toque-musicall.com\/index.php?rest_route=%2Fwp%2Fv2%2Fmedia&parent=11159"}],"wp:term":[{"taxonomy":"category","embeddable":true,"href":"https:\/\/www.toque-musicall.com\/index.php?rest_route=%2Fwp%2Fv2%2Fcategories&post=11159"},{"taxonomy":"post_tag","embeddable":true,"href":"https:\/\/www.toque-musicall.com\/index.php?rest_route=%2Fwp%2Fv2%2Ftags&post=11159"}],"curies":[{"name":"wp","href":"https:\/\/api.w.org\/{rel}","templated":true}]}}