{"id":1116,"date":"2009-08-16T18:38:00","date_gmt":"2009-08-16T18:38:00","guid":{"rendered":"http:\/\/www.toque-musicall.com\/?p=1116"},"modified":"2009-08-16T18:38:00","modified_gmt":"2009-08-16T18:38:00","slug":"odette-ernest-dias-historia-da-flauta-brasileira-1981","status":"publish","type":"post","link":"https:\/\/www.toque-musicall.com\/?p=1116","title":{"rendered":"Odette Ernest Dias &#8211; Historia Da Flauta Brasileira (1981)"},"content":{"rendered":"<p><a href=\"http:\/\/4.bp.blogspot.com\/_DSKVEvHtskc\/SohSsI3lQrI\/AAAAAAAAFMk\/S_0899ijWB4\/s1600-h\/Odette+P.JPG\"><img decoding=\"async\" style=\"display:block; margin:0px auto 10px; text-align:center;cursor:pointer; cursor:hand;width: 396px; height: 400px;\" src=\"http:\/\/4.bp.blogspot.com\/_DSKVEvHtskc\/SohSsI3lQrI\/AAAAAAAAFMk\/S_0899ijWB4\/s400\/Odette+P.JPG\" border=\"0\" alt=\"\" id=\"BLOGGER_PHOTO_ID_5370633473887650482\" \/><\/a>Por alguma raz\u00e3o que eu desconhe\u00e7o a ferramenta de consulta do blog localizada \u00e0 esquerda da barra superior, n\u00e3o est\u00e1 funcionando de acordo. Por ela eu n\u00e3o consigo mais localizar um determinado disco, m\u00fasica ou artista. Pelo jeito, parece que isso acontece s\u00f3 no meu blog. Como se alguma coisa estivesse impedindo a consulta. Em outros blogs eu n\u00e3o tenho percebido isso. Sugiro a todos consultarem o acervo do Toque Musical atrav\u00e9s da sequ\u00eancia pela letra inicial ou a sequ\u00eancia mensal. Se algu\u00e9m tiver alguma ideia ou sugest\u00e3o, por favor me avise. Eu s\u00f3 n\u00e3o estou querendo \u00e9 colocar um \u00edndice por nomes na lateral, isso tamb\u00e9m n\u00e3o resolve.<\/p>\n<div>Aproveitando a paz do domingo, vou postando hoje um disco que cabe como uma trilha de fundo para esta tarde de sol e frio. Estou falando &#8220;Hist\u00f3ria da flauta brasileira &#8211; Revela\u00e7\u00f5es&#8221;, um \u00e1lbum bem apropriado, interpretado pela flautista Odette Ernest Dias. Nele encontramos algumas pe\u00e7as selecionadas pela instrumentista, obras estreitamente ligadas \u00e0s tradi\u00e7\u00f5es musicais brasileiras, que expressam a import\u00e2ncia e a popularidade da flauta no Brasil. Acompanham a flautista neste trabalho a pianista Norah de Almeida e o violonista Alencar<\/div>\n<div>Complementando&#8230;<span  style=\"font-size:medium;\"><i> <\/i><\/span><span style=\"-webkit-border-horizontal-spacing: 8px; -webkit-border-vertical-spacing: 8px; \"><span  style=\"font-size:medium;\"><i>Odette Ernest nasceu em Paris, formou-se pelo Conservat\u00f3rio Nacional superior de M\u00fasica, que lhe concedeu o Primeiro Pr\u00eamio de Flauta em 1951. No ano seguinte, chegou ao Brasil contratada pelo Maestro Eleazar de Carvalho para integrar a Orquestra sinf\u00f4nica Brasileira (O.S.B.), tornando-se Professora do Departamento de Arte da Universidade de Bras\u00edlia em 1974. Nos \u00faltimos anos, vem se dedicando \u00e0 pesquisa da m\u00fasica barroca mineira e da m\u00fasica brasileira do s\u00e9culo XIX e do princ\u00edpio do s\u00e9culo XX. Odette \u00e9 possuidora de um acervo de refer\u00eancias do maior interesse para todos os estudantes e pesquisadores da m\u00fasica brasileira. Em seus discos Recital, Sarau Brasileiro e Hist\u00f3ria da Flauta Brasileira, est\u00e3o registradas algumas das mais importantes pe\u00e7as descobertas em suas pesquisas. *<\/i><\/span><\/span><\/div>\n<div><span style=\"-webkit-border-horizontal-spacing: 8px; -webkit-border-vertical-spacing: 8px;\"><i><span  style=\"font-size:x-small;\">*Fonte: <\/span><a href=\"http:\/\/www.abraf.art.br\/odette.htm\" style=\"text-decoration: none;\"><span  style=\"font-size:x-small;\">http:\/\/www.abraf.art.br\/odette.htm<\/span><\/a><\/i><\/span><\/div>\n<div><span style=\"-webkit-border-horizontal-spacing: 8px; -webkit-border-vertical-spacing: 8px;\"><i><br \/><\/i><\/span><\/div>\n<div style=\"text-align: center;\"><span style=\"-webkit-border-horizontal-spacing: 8px; -webkit-border-vertical-spacing: 8px;\">la coquette &#8211; a faceira<\/span><\/div>\n<div style=\"text-align: center;\"><span style=\"-webkit-border-horizontal-spacing: 8px; -webkit-border-vertical-spacing: 8px;\">souvenir de bahia<\/span><\/div>\n<div style=\"text-align: center;\"><span style=\"-webkit-border-horizontal-spacing: 8px; -webkit-border-vertical-spacing: 8px;\">cruzes minha prima!!!<\/span><\/div>\n<div style=\"text-align: center;\"><span style=\"-webkit-border-horizontal-spacing: 8px; -webkit-border-vertical-spacing: 8px;\">s\u00f3 para moer (n\u00e3o v\u00ea-la mais)<\/span><\/div>\n<div style=\"text-align: center;\"><span style=\"-webkit-border-horizontal-spacing: 8px; -webkit-border-vertical-spacing: 8px;\">oyapock<\/span><\/div>\n<div style=\"text-align: center;\"><span style=\"-webkit-border-horizontal-spacing: 8px; -webkit-border-vertical-spacing: 8px;\">solo de flauta da \u00f3pera joana de flandres<\/span><\/div>\n<div style=\"text-align: center;\"><span style=\"-webkit-border-horizontal-spacing: 8px; -webkit-border-vertical-spacing: 8px;\">porquoi<\/span><\/div>\n<div style=\"text-align: center;\"><span style=\"-webkit-border-horizontal-spacing: 8px; -webkit-border-vertical-spacing: 8px;\">fantasia sobre &#8220;il guarany de a. c. gomes<\/span><\/div>\n<div style=\"text-align: center;\"><span style=\"-webkit-border-horizontal-spacing: 8px; -webkit-border-vertical-spacing: 8px;\"><br \/><\/span><\/div>\n<div style=\"text-align: center;\"><span style=\"-webkit-border-horizontal-spacing: 8px; -webkit-border-vertical-spacing: 8px;\"><br \/><\/span><\/div>\n","protected":false},"excerpt":{"rendered":"<p>Por alguma raz\u00e3o que eu desconhe\u00e7o a ferramenta de consulta do blog localizada \u00e0 esquerda da barra superior, n\u00e3o est\u00e1 funcionando de acordo. Por ela eu n\u00e3o consigo mais localizar um determinado disco, m\u00fasica ou artista. Pelo jeito, parece que &hellip; <a href=\"https:\/\/www.toque-musicall.com\/?p=1116\">Continue lendo <span class=\"meta-nav\">&rarr;<\/span><\/a><\/p>\n","protected":false},"author":1,"featured_media":0,"comment_status":"open","ping_status":"closed","sticky":false,"template":"","format":"standard","meta":{"footnotes":""},"categories":[1394],"tags":[],"class_list":["post-1116","post","type-post","status-publish","format-standard","hentry","category-odette-ernest-dias"],"_links":{"self":[{"href":"https:\/\/www.toque-musicall.com\/index.php?rest_route=\/wp\/v2\/posts\/1116","targetHints":{"allow":["GET"]}}],"collection":[{"href":"https:\/\/www.toque-musicall.com\/index.php?rest_route=\/wp\/v2\/posts"}],"about":[{"href":"https:\/\/www.toque-musicall.com\/index.php?rest_route=\/wp\/v2\/types\/post"}],"author":[{"embeddable":true,"href":"https:\/\/www.toque-musicall.com\/index.php?rest_route=\/wp\/v2\/users\/1"}],"replies":[{"embeddable":true,"href":"https:\/\/www.toque-musicall.com\/index.php?rest_route=%2Fwp%2Fv2%2Fcomments&post=1116"}],"version-history":[{"count":0,"href":"https:\/\/www.toque-musicall.com\/index.php?rest_route=\/wp\/v2\/posts\/1116\/revisions"}],"wp:attachment":[{"href":"https:\/\/www.toque-musicall.com\/index.php?rest_route=%2Fwp%2Fv2%2Fmedia&parent=1116"}],"wp:term":[{"taxonomy":"category","embeddable":true,"href":"https:\/\/www.toque-musicall.com\/index.php?rest_route=%2Fwp%2Fv2%2Fcategories&post=1116"},{"taxonomy":"post_tag","embeddable":true,"href":"https:\/\/www.toque-musicall.com\/index.php?rest_route=%2Fwp%2Fv2%2Ftags&post=1116"}],"curies":[{"name":"wp","href":"https:\/\/api.w.org\/{rel}","templated":true}]}}