{"id":11161,"date":"2025-05-20T20:28:23","date_gmt":"2025-05-20T23:28:23","guid":{"rendered":"https:\/\/www.toque-musicall.com\/?p=11161"},"modified":"2025-05-27T20:30:18","modified_gmt":"2025-05-27T23:30:18","slug":"eliana-pittman-1976","status":"publish","type":"post","link":"https:\/\/www.toque-musicall.com\/?p=11161","title":{"rendered":"Eliana Pittman (1976)"},"content":{"rendered":"\n<figure class=\"wp-block-image size-large\"><img decoding=\"async\" src=\"https:\/\/blogger.googleusercontent.com\/img\/b\/R29vZ2xl\/AVvXsEiDq_oO0zoKVyNczxsUoABN6dOiSE-hZo3VPYLoYTaM9XZ2DL40wVFb4ZVvagHWes7H83F7bivE6bes5kAi1Cyi7gzUfVdGVFLjNjvbkUk81WzpLI2w5d1o1gvR2BX_i3uX2eMtphiPD8qYeL4P2SCj5AHbbfHHcXCspAa85f4Xh10n98gE6vvjG-1nQZ5k\/w640-h608\/Capturar.JPG\" alt=\"\"\/><\/figure>\n\n\n\n<figure class=\"wp-block-image size-large\"><img decoding=\"async\" src=\"https:\/\/blogger.googleusercontent.com\/img\/b\/R29vZ2xl\/AVvXsEg8bNb6tMVfAiqtiDphdhXnjkDnwsjpmHMoUeM-Zh9hpn66v6uLECmmQ0OuKwjt8u1K__iLT0jxjSHrHEo5Gat5aXx8TJ5K3dmK3jGUKMwaD5KeL1p4PcIWlVa-5iLqqF50BNgBncwQnIgQ4yhYixvSBSSoCyS8xBnysOhrVsOiDj04Pi6nmS70-VsxF_lX\/w640-h604\/Capturarb.JPG\" alt=\"\"\/><\/figure>\n\n\n<div class=\"separator\">Olha a\u00ed, mais uma vez a Eliana Pittman, agora em um compacto da RCA Victor, lan\u00e7ado em 1976. Com coordena\u00e7\u00e3o art\u00edstica de S\u00e9rgio Cabral e arranjos e reg\u00eancias de Severino Filho, aqui temos duas amostras, duas can\u00e7\u00f5es, pr\u00e9-lan\u00e7amento do \u00e1lbum &#8220;Pra Sempre&#8221; da cantora.<\/div>\n<div class=\"separator\">\u00a0<\/div>\n<div class=\"separator\">carapeba<\/div>\n<div class=\"separator\">mistura de carimb\u00f3<\/div>\n<div class=\"separator\">\u00a0<\/div>\n<div class=\"separator\">\u00a0<\/div>\n<div class=\"separator\">.<\/div>","protected":false},"excerpt":{"rendered":"<p>Olha a\u00ed, mais uma vez a Eliana Pittman, agora em um compacto da RCA Victor, lan\u00e7ado em 1976. Com coordena\u00e7\u00e3o art\u00edstica de S\u00e9rgio Cabral e arranjos e reg\u00eancias de Severino Filho, aqui temos duas amostras, duas can\u00e7\u00f5es, pr\u00e9-lan\u00e7amento do \u00e1lbum &hellip; <a href=\"https:\/\/www.toque-musicall.com\/?p=11161\">Continue lendo <span class=\"meta-nav\">&rarr;<\/span><\/a><\/p>\n","protected":false},"author":1,"featured_media":0,"comment_status":"closed","ping_status":"closed","sticky":false,"template":"","format":"standard","meta":{"footnotes":""},"categories":[1],"tags":[3072,3664,3061],"class_list":["post-11161","post","type-post","status-publish","format-standard","hentry","category-sem-categoria","tag-compactos","tag-eliana-pittman","tag-selo-rca-victor"],"_links":{"self":[{"href":"https:\/\/www.toque-musicall.com\/index.php?rest_route=\/wp\/v2\/posts\/11161","targetHints":{"allow":["GET"]}}],"collection":[{"href":"https:\/\/www.toque-musicall.com\/index.php?rest_route=\/wp\/v2\/posts"}],"about":[{"href":"https:\/\/www.toque-musicall.com\/index.php?rest_route=\/wp\/v2\/types\/post"}],"author":[{"embeddable":true,"href":"https:\/\/www.toque-musicall.com\/index.php?rest_route=\/wp\/v2\/users\/1"}],"replies":[{"embeddable":true,"href":"https:\/\/www.toque-musicall.com\/index.php?rest_route=%2Fwp%2Fv2%2Fcomments&post=11161"}],"version-history":[{"count":1,"href":"https:\/\/www.toque-musicall.com\/index.php?rest_route=\/wp\/v2\/posts\/11161\/revisions"}],"predecessor-version":[{"id":11162,"href":"https:\/\/www.toque-musicall.com\/index.php?rest_route=\/wp\/v2\/posts\/11161\/revisions\/11162"}],"wp:attachment":[{"href":"https:\/\/www.toque-musicall.com\/index.php?rest_route=%2Fwp%2Fv2%2Fmedia&parent=11161"}],"wp:term":[{"taxonomy":"category","embeddable":true,"href":"https:\/\/www.toque-musicall.com\/index.php?rest_route=%2Fwp%2Fv2%2Fcategories&post=11161"},{"taxonomy":"post_tag","embeddable":true,"href":"https:\/\/www.toque-musicall.com\/index.php?rest_route=%2Fwp%2Fv2%2Ftags&post=11161"}],"curies":[{"name":"wp","href":"https:\/\/api.w.org\/{rel}","templated":true}]}}