{"id":11170,"date":"2025-05-24T20:44:29","date_gmt":"2025-05-24T23:44:29","guid":{"rendered":"https:\/\/www.toque-musicall.com\/?p=11170"},"modified":"2025-06-01T20:46:05","modified_gmt":"2025-06-01T23:46:05","slug":"francisco-alves-o-bom-chico-alves-1965","status":"publish","type":"post","link":"https:\/\/www.toque-musicall.com\/?p=11170","title":{"rendered":"Francisco Alves &#8211; O Bom Chico Alves (1965)"},"content":{"rendered":"\n<figure class=\"wp-block-image size-large\"><img decoding=\"async\" src=\"https:\/\/blogger.googleusercontent.com\/img\/b\/R29vZ2xl\/AVvXsEhsHL-PCpklfio9-MNge-Hi3wLxD1XX_NiEaGih3F4-p-UjN1ykp3AeC90yQwwii-Tg8ct7km4IzdqJAfUGZFxn_ccG1cG99UyQQN8QymnDXHKtCTWVdj1Qg33XrJSTlKL34o5GgrMIcLozecsZzzVzJcpF63pa6rSSkJ9Gd6TTSkZ3YK9Qm_hsY7uqFKnY\/w640-h638\/Capturar.JPG\" alt=\"\"\/><\/figure>\n\n\n\n<figure class=\"wp-block-image size-large\"><img decoding=\"async\" src=\"https:\/\/blogger.googleusercontent.com\/img\/b\/R29vZ2xl\/AVvXsEj9jLsKBcOdrkYGJZnK1HaI8g_QMOpihimR5LvWw4EQ5dHRXwYqyGF7T5xaOgUhFetElkgnGVnHbn-I2jvc4oF3pOh9-mVT8PbXS6nRPNGTkc4WXfp-h80VUpjOTUjUmavd91dRb_wP5sTF0YAky0R2E3emxFamOkWL77f_qirfgDsqMNLZT7i833yVZMTB\/w640-h626\/Capturarb.JPG\" alt=\"\"\/><\/figure>\n\n\n<div class=\"separator\">&#8220;O Bom Chico Alves&#8221;, eis a\u00ed uma colet\u00e2nea das mais interessantes do inesquec\u00edvel cantor, lan\u00e7ada pela Odeon, em 1965, quando ent\u00e3o faziam j\u00e1 13 anos de sua morte. A sele\u00e7\u00e3o musical abrange doze sucessos dos anos vinte ao cinquenta em grava\u00e7\u00f5es originais de \u00e9poca.<\/div>\n<div class=\"separator\">\u00a0<\/div>\n<div class=\"separator\">malandrinha<\/div>\n<div class=\"separator\">lua nova<\/div>\n<div class=\"separator\">a voz do viol\u00e3o<\/div>\n<div class=\"separator\">p\u00e1lida morana<\/div>\n<div class=\"separator\">ouve esta can\u00e7\u00e3o<\/div>\n<div class=\"separator\">boa noite amor<\/div>\n<div class=\"separator\">culpe-me<\/div>\n<div class=\"separator\">minha terra<\/div>\n<div class=\"separator\">adeus, cinco letras que choram<\/div>\n<div class=\"separator\">velhas cartas de amor<\/div>\n<div class=\"separator\">pra esquecer<\/div>\n<div class=\"separator\">\u00a0<\/div>\n<div class=\"separator\">\u00a0<\/div>\n<div class=\"separator\">\u00a0<\/div>","protected":false},"excerpt":{"rendered":"<p>&#8220;O Bom Chico Alves&#8221;, eis a\u00ed uma colet\u00e2nea das mais interessantes do inesquec\u00edvel cantor, lan\u00e7ada pela Odeon, em 1965, quando ent\u00e3o faziam j\u00e1 13 anos de sua morte. A sele\u00e7\u00e3o musical abrange doze sucessos dos anos vinte ao cinquenta em &hellip; <a href=\"https:\/\/www.toque-musicall.com\/?p=11170\">Continue lendo <span class=\"meta-nav\">&rarr;<\/span><\/a><\/p>\n","protected":false},"author":1,"featured_media":0,"comment_status":"closed","ping_status":"closed","sticky":false,"template":"","format":"standard","meta":{"footnotes":""},"categories":[1],"tags":[3482,3153],"class_list":["post-11170","post","type-post","status-publish","format-standard","hentry","category-sem-categoria","tag-francisco-alves","tag-selo-odeon"],"_links":{"self":[{"href":"https:\/\/www.toque-musicall.com\/index.php?rest_route=\/wp\/v2\/posts\/11170","targetHints":{"allow":["GET"]}}],"collection":[{"href":"https:\/\/www.toque-musicall.com\/index.php?rest_route=\/wp\/v2\/posts"}],"about":[{"href":"https:\/\/www.toque-musicall.com\/index.php?rest_route=\/wp\/v2\/types\/post"}],"author":[{"embeddable":true,"href":"https:\/\/www.toque-musicall.com\/index.php?rest_route=\/wp\/v2\/users\/1"}],"replies":[{"embeddable":true,"href":"https:\/\/www.toque-musicall.com\/index.php?rest_route=%2Fwp%2Fv2%2Fcomments&post=11170"}],"version-history":[{"count":1,"href":"https:\/\/www.toque-musicall.com\/index.php?rest_route=\/wp\/v2\/posts\/11170\/revisions"}],"predecessor-version":[{"id":11171,"href":"https:\/\/www.toque-musicall.com\/index.php?rest_route=\/wp\/v2\/posts\/11170\/revisions\/11171"}],"wp:attachment":[{"href":"https:\/\/www.toque-musicall.com\/index.php?rest_route=%2Fwp%2Fv2%2Fmedia&parent=11170"}],"wp:term":[{"taxonomy":"category","embeddable":true,"href":"https:\/\/www.toque-musicall.com\/index.php?rest_route=%2Fwp%2Fv2%2Fcategories&post=11170"},{"taxonomy":"post_tag","embeddable":true,"href":"https:\/\/www.toque-musicall.com\/index.php?rest_route=%2Fwp%2Fv2%2Ftags&post=11170"}],"curies":[{"name":"wp","href":"https:\/\/api.w.org\/{rel}","templated":true}]}}