{"id":11174,"date":"2025-05-25T20:49:01","date_gmt":"2025-05-25T23:49:01","guid":{"rendered":"https:\/\/www.toque-musicall.com\/?p=11174"},"modified":"2025-06-02T20:51:47","modified_gmt":"2025-06-02T23:51:47","slug":"coro-infantil-feminino-de-irany-de-oliveira-mamae-1961","status":"publish","type":"post","link":"https:\/\/www.toque-musicall.com\/?p=11174","title":{"rendered":"Coro Infantil Feminino De Irany De Oliveira &#8211; Mam\u00e3e (1961)"},"content":{"rendered":"\n<figure class=\"wp-block-image size-large\"><img decoding=\"async\" src=\"https:\/\/blogger.googleusercontent.com\/img\/b\/R29vZ2xl\/AVvXsEi_UAWbUoHMJtKK9zpexonEh7c506m-aX1rPYlZZfwUCCn-z6EA5INZfBEZMtPQ62lyCwdFFit76ud_vZe05MtcnPW8-TBBuruKzvgtzUbvObEUZN67s4IcDSD1m4SE6iZP3KrXsga3XE7iXTS6Elj6-xMAtiHTXsRQr5xjl6u48YAXN_julV-TvvzzTGaa\/w640-h628\/Capturar.JPG\" alt=\"\"\/><\/figure>\n\n\n\n<figure class=\"wp-block-image size-large\"><img decoding=\"async\" src=\"https:\/\/blogger.googleusercontent.com\/img\/b\/R29vZ2xl\/AVvXsEglVwYG30XvzB2NuUyL9NJaX8f9erfAuBGhf-NsAXhrFhyQdpfC4wlBroGz_LH19LnA4jEJaN7y7q4YqH9ROAYnBobHSqhh4uEUwvcC5tFPED0Pw4uD3YssFixMME9WHe-hvSQine7icyhZZopcuLBPEyP2CqTSTQPyzzsH3jGTArI-foLjMp_QwkUdHJ4q\/w626-h640\/Capturarb.JPG\" alt=\"\"\/><\/figure>\n\n\n<div class=\"separator\">Por conta de um atraso, ultimamente, quase constante, acabamos deixando passar a oportunidade de postar aqui este lp para o Dia das M\u00e3es. Por\u00e9m, para as m\u00e3es e para n\u00f3s filhos, nunca \u00e9 tarde para uma homenagem. Ent\u00e3o, aqui vai este lp lan\u00e7ado em 1961 pela RCA Victor, &#8220;Mam\u00e3e&#8221;. Na \u00e9poca, uma \u00f3tima pedida, um presente para o lar, para tocar para a mam\u00e3e. Tempo bom&#8230; Hoje n\u00e3o \u00e9 mais assim, n\u00e9?<\/div>\n<div class=\"separator\">Aqui temos Irany de Oliveira regendo seu c\u00f4ro infantil feminino neste projeto musical dedicado as m\u00e3es. S\u00e3o doze can\u00e7\u00f5es famosas para todo filho da m\u00e3e cantar e lembrar. Coisa mais linda da mam\u00e3e&#8230;<\/div>\n<div class=\"separator\">\u00a0<\/div>\n<div class=\"separator\">oh minha m\u00e3e<\/div>\n<div class=\"separator\">mam\u00e3e<\/div>\n<div class=\"separator\">can\u00e7\u00e3o das m\u00e3es<\/div>\n<div class=\"separator\">mam\u00e3ezinha<\/div>\n<div class=\"separator\">mamma<\/div>\n<div class=\"separator\">dia da m\u00e3es<\/div>\n<div class=\"separator\">m\u00e3ezinha querida<\/div>\n<div class=\"separator\">doce m\u00e3ezinha<\/div>\n<div class=\"separator\">o sorriso da mam\u00e3e<\/div>\n<div class=\"separator\">pra voc\u00ea m\u00e3ezinha<\/div>\n<div class=\"separator\">mam\u00e3e mam\u00e3ezinha<\/div>\n<div class=\"separator\">\u00e9 mam\u00e3e<\/div>\n<div class=\"separator\">\u00a0<\/div>\n<div class=\"separator\">\u00a0<\/div>\n<div class=\"separator\">.<\/div>","protected":false},"excerpt":{"rendered":"<p>Por conta de um atraso, ultimamente, quase constante, acabamos deixando passar a oportunidade de postar aqui este lp para o Dia das M\u00e3es. Por\u00e9m, para as m\u00e3es e para n\u00f3s filhos, nunca \u00e9 tarde para uma homenagem. Ent\u00e3o, aqui vai &hellip; <a href=\"https:\/\/www.toque-musicall.com\/?p=11174\">Continue lendo <span class=\"meta-nav\">&rarr;<\/span><\/a><\/p>\n","protected":false},"author":1,"featured_media":0,"comment_status":"closed","ping_status":"closed","sticky":false,"template":"","format":"standard","meta":{"footnotes":""},"categories":[1],"tags":[5967,3061],"class_list":["post-11174","post","type-post","status-publish","format-standard","hentry","category-sem-categoria","tag-coro-infantil-feminino-de-irany-de-oliveira","tag-selo-rca-victor"],"_links":{"self":[{"href":"https:\/\/www.toque-musicall.com\/index.php?rest_route=\/wp\/v2\/posts\/11174","targetHints":{"allow":["GET"]}}],"collection":[{"href":"https:\/\/www.toque-musicall.com\/index.php?rest_route=\/wp\/v2\/posts"}],"about":[{"href":"https:\/\/www.toque-musicall.com\/index.php?rest_route=\/wp\/v2\/types\/post"}],"author":[{"embeddable":true,"href":"https:\/\/www.toque-musicall.com\/index.php?rest_route=\/wp\/v2\/users\/1"}],"replies":[{"embeddable":true,"href":"https:\/\/www.toque-musicall.com\/index.php?rest_route=%2Fwp%2Fv2%2Fcomments&post=11174"}],"version-history":[{"count":1,"href":"https:\/\/www.toque-musicall.com\/index.php?rest_route=\/wp\/v2\/posts\/11174\/revisions"}],"predecessor-version":[{"id":11175,"href":"https:\/\/www.toque-musicall.com\/index.php?rest_route=\/wp\/v2\/posts\/11174\/revisions\/11175"}],"wp:attachment":[{"href":"https:\/\/www.toque-musicall.com\/index.php?rest_route=%2Fwp%2Fv2%2Fmedia&parent=11174"}],"wp:term":[{"taxonomy":"category","embeddable":true,"href":"https:\/\/www.toque-musicall.com\/index.php?rest_route=%2Fwp%2Fv2%2Fcategories&post=11174"},{"taxonomy":"post_tag","embeddable":true,"href":"https:\/\/www.toque-musicall.com\/index.php?rest_route=%2Fwp%2Fv2%2Ftags&post=11174"}],"curies":[{"name":"wp","href":"https:\/\/api.w.org\/{rel}","templated":true}]}}