{"id":11178,"date":"2025-05-28T21:03:56","date_gmt":"2025-05-29T00:03:56","guid":{"rendered":"https:\/\/www.toque-musicall.com\/?p=11178"},"modified":"2025-06-05T21:06:21","modified_gmt":"2025-06-06T00:06:21","slug":"canarinhos-de-petropolis-cantam-brasil-1988","status":"publish","type":"post","link":"https:\/\/www.toque-musicall.com\/?p=11178","title":{"rendered":"Canarinhos De Petropolis &#8211; Cantam Brasil (1988)\u00a0"},"content":{"rendered":"\n<figure class=\"wp-block-image size-large\"><img decoding=\"async\" src=\"https:\/\/blogger.googleusercontent.com\/img\/b\/R29vZ2xl\/AVvXsEjGqDECiq_-_iGmoa6JhG2s0QaKq70WFrWhj4Bsg1Ddg7cuZJZKLWK4sbmaxz4-mWGoSufA_RzEqmhdaXoZJWXKvDC5EwlNxdvpEUGNXNsb3v-DqpH9o-E59dhwmfSN651U2bsd6LmQm-lYwBmlh2FukB3zoHlyi9yWONMpNqwBeDwt2u6f3vHg6aRRkL2W\/w640-h640\/Capturar.JPG\" alt=\"\"\/><\/figure>\n\n\n\n<figure class=\"wp-block-image size-large\"><img decoding=\"async\" src=\"https:\/\/blogger.googleusercontent.com\/img\/b\/R29vZ2xl\/AVvXsEgRUraNTFkFjNU4T2ojjiw413GVLwKKlO3qLp9jYnNA2Gw1-5odtLqv_eijf0KxtvXh069gLncr2dicCes1egSYbo2db4889jhzmTdIVO2wGp_RF7rbB349qxH_1JAoc3o6-k3oHijTOa7tI2-cXSMTfssWs4vVdm-6cwLInw2SdpeXFLd7naBu85IaGjMl\/w640-h632\/Capturarb.JPG\" alt=\"\"\/><\/figure>\n\n\n<div class=\"separator\">J\u00e1 tivemos a oportunidade de postar aqui e n\u00e3o faz muito tempo, um compacto do grupo coral Canarinhos de Petr\u00f3polis. Por\u00e9m, se tratava de uma forma\u00e7\u00e3o dos anos 50 e agora, vamos trazendo os Canarinhos da gera\u00e7\u00e3o dos anos 80. A prop\u00f3sito, os Canarinhos de Petr\u00f3polis \u00e9 o mais antigo grupo coral formado por meninos e ainda hoje atuantes.<\/div>\n<div class=\"separator\">Aqui, este lp lan\u00e7ado pela etiqueta\/selo Ideia Livre, em 1988, com dire\u00e7\u00e3o de Maur\u00edcio Maestro (do Boca Livre). Temos um repert\u00f3rio com 14 m\u00fasicas do nosso cancioneiro popular. Conforme nos fala o texto de contracapa, as grava\u00e7\u00f5es foram feitas ao vivo na pr\u00f3pria sede do Instituto dos Meninos Cantores, em Petr\u00f3polis, RJ. Muito legal, vale a pena ouvir&#8230;\u00a0<\/div>\n<div class=\"separator\">\u00a0<\/div>\n<div class=\"separator\">l\u00e1 vai s\u00e3o francisco<\/div>\n<div class=\"separator\">quem sabe<\/div>\n<div class=\"separator\">cora\u00e7\u00e3o de estudate<\/div>\n<div class=\"separator\">tr\u00eas pontos de caboclo<\/div>\n<div class=\"separator\">tem gato na tuba<\/div>\n<div class=\"separator\">jo\u00e3o carreteiro<\/div>\n<div class=\"separator\">vassourinhas<\/div>\n<div class=\"separator\">\u00e7eil\u00e3o de um jardim<\/div>\n<div class=\"separator\">estrela \u00e9 lua nova<\/div>\n<div class=\"separator\">\u00e9 luanda<\/div>\n<div class=\"separator\">est\u00e3o voltando as flores<\/div>\n<div class=\"separator\">ponto de oxum iemanj\u00e1<\/div>\n<div class=\"separator\">desafio<\/div>\n<div class=\"separator\">cidade maravilhosa<\/div>\n<div class=\"separator\">\u00a0<\/div>\n<div class=\"separator\">\u00a0<\/div>","protected":false},"excerpt":{"rendered":"<p>J\u00e1 tivemos a oportunidade de postar aqui e n\u00e3o faz muito tempo, um compacto do grupo coral Canarinhos de Petr\u00f3polis. Por\u00e9m, se tratava de uma forma\u00e7\u00e3o dos anos 50 e agora, vamos trazendo os Canarinhos da gera\u00e7\u00e3o dos anos 80. &hellip; <a href=\"https:\/\/www.toque-musicall.com\/?p=11178\">Continue lendo <span class=\"meta-nav\">&rarr;<\/span><\/a><\/p>\n","protected":false},"author":1,"featured_media":0,"comment_status":"closed","ping_status":"closed","sticky":false,"template":"","format":"standard","meta":{"footnotes":""},"categories":[1],"tags":[4922,5969],"class_list":["post-11178","post","type-post","status-publish","format-standard","hentry","category-sem-categoria","tag-canarinhos-de-petropolis","tag-selo-ideia-livre"],"_links":{"self":[{"href":"https:\/\/www.toque-musicall.com\/index.php?rest_route=\/wp\/v2\/posts\/11178","targetHints":{"allow":["GET"]}}],"collection":[{"href":"https:\/\/www.toque-musicall.com\/index.php?rest_route=\/wp\/v2\/posts"}],"about":[{"href":"https:\/\/www.toque-musicall.com\/index.php?rest_route=\/wp\/v2\/types\/post"}],"author":[{"embeddable":true,"href":"https:\/\/www.toque-musicall.com\/index.php?rest_route=\/wp\/v2\/users\/1"}],"replies":[{"embeddable":true,"href":"https:\/\/www.toque-musicall.com\/index.php?rest_route=%2Fwp%2Fv2%2Fcomments&post=11178"}],"version-history":[{"count":1,"href":"https:\/\/www.toque-musicall.com\/index.php?rest_route=\/wp\/v2\/posts\/11178\/revisions"}],"predecessor-version":[{"id":11179,"href":"https:\/\/www.toque-musicall.com\/index.php?rest_route=\/wp\/v2\/posts\/11178\/revisions\/11179"}],"wp:attachment":[{"href":"https:\/\/www.toque-musicall.com\/index.php?rest_route=%2Fwp%2Fv2%2Fmedia&parent=11178"}],"wp:term":[{"taxonomy":"category","embeddable":true,"href":"https:\/\/www.toque-musicall.com\/index.php?rest_route=%2Fwp%2Fv2%2Fcategories&post=11178"},{"taxonomy":"post_tag","embeddable":true,"href":"https:\/\/www.toque-musicall.com\/index.php?rest_route=%2Fwp%2Fv2%2Ftags&post=11178"}],"curies":[{"name":"wp","href":"https:\/\/api.w.org\/{rel}","templated":true}]}}