{"id":11196,"date":"2025-06-07T19:05:23","date_gmt":"2025-06-07T22:05:23","guid":{"rendered":"https:\/\/www.toque-musicall.com\/?p=11196"},"modified":"2025-06-18T19:07:31","modified_gmt":"2025-06-18T22:07:31","slug":"marina-todas-1985","status":"publish","type":"post","link":"https:\/\/www.toque-musicall.com\/?p=11196","title":{"rendered":"Marina &#8211; Todas (1985)\u00a0"},"content":{"rendered":"\n<figure class=\"wp-block-image size-large\"><img decoding=\"async\" src=\"https:\/\/blogger.googleusercontent.com\/img\/b\/R29vZ2xl\/AVvXsEiNLnDMD8nN6fJQb9dz3EQb3irRsUsElNph45Wunk6fQdan_17_9_awcuT4ZqK9hJqRo-c9VIGavlURHnWWbVGLnFAprEmmZw7aL1h8ElJxeEAGKRa2QrLLzXfjf_eOgsE1BiMmeA9KTSAMOOTLt7JlAHAlMkXIKvbXTpRKDasxbgfXneTUmmnomQsbJWcY\/w640-h622\/Capturar.JPG\" alt=\"\"\/><\/figure>\n\n\n\n<figure class=\"wp-block-image size-large\"><img decoding=\"async\" src=\"https:\/\/blogger.googleusercontent.com\/img\/b\/R29vZ2xl\/AVvXsEj3YUjFDxNb2iKthYm5uudJX2Ps_wAgoGe6GszKOkirTh9OQt_0md0Wvb-v7yshUkk1qojNPcky_Li2U8rXvXRu4taNv2sBvWloBcR3y2mNzryMkWuK4k-UBj5Tvye_qodtyKjPow_ifDks9qMDCrmhNXHI0y66wcSJNcY5Vn7Mg1wIAKDcQJE7yH5TnjyI\/w628-h640\/Capturarb.JPG\" alt=\"\"\/><\/figure>\n\n\n<div class=\"separator\">E hoje, estreando em nosso toque musical temos a cantora e compositora Marina Lima. Aqui, ainda em 1985 ela assinava apenas o primeiro nome. &#8220;Todas&#8221; foi seu quarto lp. Neste disco, boa parte das m\u00fasicas s\u00e3o de sua autoria com o irm\u00e3o Ant\u00f4nio C\u00edcero. Foi mais um disco de sucesso e que marcou \u00e9poca. Como vinho, quanto mais tempo passa, melhor fica.<\/div>\n<div class=\"separator\">\u00a0<\/div>\n<div class=\"separator\">dif\u00edcil<\/div>\n<div class=\"separator\">nada por mim<\/div>\n<div class=\"separator\">doida de rachar<\/div>\n<div class=\"separator\">muda brasil<\/div>\n<div class=\"separator\">correndo atr\u00e1s<\/div>\n<div class=\"separator\">onde?<\/div>\n<div class=\"separator\">eu te amo voc\u00ea<\/div>\n<div class=\"separator\">por querer (todas)<\/div>\n<div class=\"separator\">j\u00e1 fui<\/div>\n<div class=\"separator\">av. brasil<\/div>\n<div class=\"separator\">\u00a0<\/div>\n<div class=\"separator\">\u00a0<\/div>\n<div class=\"separator\">.<\/div>","protected":false},"excerpt":{"rendered":"<p>E hoje, estreando em nosso toque musical temos a cantora e compositora Marina Lima. Aqui, ainda em 1985 ela assinava apenas o primeiro nome. &#8220;Todas&#8221; foi seu quarto lp. Neste disco, boa parte das m\u00fasicas s\u00e3o de sua autoria com &hellip; <a href=\"https:\/\/www.toque-musicall.com\/?p=11196\">Continue lendo <span class=\"meta-nav\">&rarr;<\/span><\/a><\/p>\n","protected":false},"author":1,"featured_media":0,"comment_status":"closed","ping_status":"closed","sticky":false,"template":"","format":"standard","meta":{"footnotes":""},"categories":[1],"tags":[5972,3012],"class_list":["post-11196","post","type-post","status-publish","format-standard","hentry","category-sem-categoria","tag-marina-lima","tag-selo-philips"],"_links":{"self":[{"href":"https:\/\/www.toque-musicall.com\/index.php?rest_route=\/wp\/v2\/posts\/11196","targetHints":{"allow":["GET"]}}],"collection":[{"href":"https:\/\/www.toque-musicall.com\/index.php?rest_route=\/wp\/v2\/posts"}],"about":[{"href":"https:\/\/www.toque-musicall.com\/index.php?rest_route=\/wp\/v2\/types\/post"}],"author":[{"embeddable":true,"href":"https:\/\/www.toque-musicall.com\/index.php?rest_route=\/wp\/v2\/users\/1"}],"replies":[{"embeddable":true,"href":"https:\/\/www.toque-musicall.com\/index.php?rest_route=%2Fwp%2Fv2%2Fcomments&post=11196"}],"version-history":[{"count":1,"href":"https:\/\/www.toque-musicall.com\/index.php?rest_route=\/wp\/v2\/posts\/11196\/revisions"}],"predecessor-version":[{"id":11197,"href":"https:\/\/www.toque-musicall.com\/index.php?rest_route=\/wp\/v2\/posts\/11196\/revisions\/11197"}],"wp:attachment":[{"href":"https:\/\/www.toque-musicall.com\/index.php?rest_route=%2Fwp%2Fv2%2Fmedia&parent=11196"}],"wp:term":[{"taxonomy":"category","embeddable":true,"href":"https:\/\/www.toque-musicall.com\/index.php?rest_route=%2Fwp%2Fv2%2Fcategories&post=11196"},{"taxonomy":"post_tag","embeddable":true,"href":"https:\/\/www.toque-musicall.com\/index.php?rest_route=%2Fwp%2Fv2%2Ftags&post=11196"}],"curies":[{"name":"wp","href":"https:\/\/api.w.org\/{rel}","templated":true}]}}