{"id":112,"date":"2012-03-23T10:51:00","date_gmt":"2012-03-23T10:51:00","guid":{"rendered":"http:\/\/www.toque-musicall.com\/?p=112"},"modified":"2012-03-23T10:51:00","modified_gmt":"2012-03-23T10:51:00","slug":"antonio-guimaraes-abrigo-1991","status":"publish","type":"post","link":"https:\/\/www.toque-musicall.com\/?p=112","title":{"rendered":"Ant\u00f4nio Guimar\u00e3es &#8211; Abrigo (1991)"},"content":{"rendered":"<p><a href=\"http:\/\/4.bp.blogspot.com\/-NHY78GQ52zQ\/T2xWI1uyjZI\/AAAAAAAABSQ\/PmiYuiNOzb4\/s1600\/antonio+P.JPG\"><img decoding=\"async\" style=\"display:block; margin:0px auto 10px; text-align:center;cursor:pointer; cursor:hand;width: 400px; height: 398px;\" src=\"http:\/\/4.bp.blogspot.com\/-NHY78GQ52zQ\/T2xWI1uyjZI\/AAAAAAAABSQ\/PmiYuiNOzb4\/s400\/antonio+P.JPG\" alt=\"\" id=\"BLOGGER_PHOTO_ID_5723043936343330194\" border=\"0\" \/><\/a><a href=\"http:\/\/1.bp.blogspot.com\/-n63TP4nMjak\/T2xWCGqub4I\/AAAAAAAABSE\/ss0L0Bs9SlY\/s1600\/antonio+Bp.JPG\"><img decoding=\"async\" style=\"display:block; margin:0px auto 10px; text-align:center;cursor:pointer; cursor:hand;width: 400px; height: 394px;\" src=\"http:\/\/1.bp.blogspot.com\/-n63TP4nMjak\/T2xWCGqub4I\/AAAAAAAABSE\/ss0L0Bs9SlY\/s400\/antonio+Bp.JPG\" alt=\"\" id=\"BLOGGER_PHOTO_ID_5723043820630601602\" border=\"0\" \/><\/a>Ol\u00e1 amigos cultos, ocultos e associados! J\u00e1 h\u00e1 algum tempo atr\u00e1s apareceu aqui no meu prato este disco, muito interessante, produ\u00e7\u00e3o independente, feita nas Gerais. Gostei do disco logo a primeira vez que ouvi. E n\u00e3o era para menos, afinal trata-se de um \u00e1lbum cujo os integrantes s\u00e3o artistas de primeir\u00edssima linha, m\u00fasicos super conceituados que atuam principalmente no cen\u00e1rio da m\u00fasica mineira. Logo na capa, contracapa ou encarte (digo isso porque n\u00e3o sei ao certo se esta \u00e9 realmente a capa ou o encarte interno do \u00e1lbum), temos a ficha t\u00e9cnica da turma. Arranjos, dire\u00e7\u00e3o musical, piano, guitarra, flauta e viol\u00e3o por conta do mestre Mauro Rodrigues; bateria, Lincoln Cheib; saxofone, Chico Amaral; baixo, Ivan Corr\u00eaa e percuss\u00e3o, Bill Lucas. A grava\u00e7\u00e3o deste \u00e1lbum independente foi feita por Dirceu Cheib, em seu tradicional Est\u00fadio Bemol. Tamb\u00e9m n\u00e3o sei bem ao certo, mas creio que este disco foi gravado no in\u00edcio da d\u00e9cada de 90. Mauro, Lincoln e Ivan faziam parte de um dos mais importantes grupos instrumentais daquela \u00e9poca, o &#8220;Edi\u00e7\u00e3o Brasileira&#8221;. Por a\u00ed j\u00e1 d\u00e1 para se ter uma ideia do que iremos encontrar neste &#8220;Abrigo&#8221;. Ficou, por\u00e9m, a grande d\u00favida: quem \u00e9 Ant\u00f4nio Guimar\u00e3es? Ta\u00ed uma coisa que vergonhosamente eu n\u00e3o saberei responder. Pensei at\u00e9 em ligar para o Mauro Rodrigues, pedindo a ele essas informa\u00e7\u00f5es. Mas vou deixar em aberto, cutucando e agu\u00e7ando a curiosidade de quem ler. Logo logo aparece algu\u00e9m aqui esclarecendo o principal. <\/p>\n<div>O certo \u00e9 que &#8220;Abrigo&#8221; \u00e9 um disco bonito de se ouvir. J\u00e1 n\u00e3o digo aqui da parte instrumental, mas das composi\u00e7\u00f5es e da poesia de Ant\u00f4nio Guimar\u00e3es. Suponho que quem canta seja o pr\u00f3prio autor. Algu\u00e9m a\u00ed tem uma lanterna?<\/p>\n<div><\/div>\n<\/div>\n<div style=\"text-align: center;\">anis<\/div>\n<div style=\"text-align: center;\">presa<\/div>\n<div style=\"text-align: center;\">abrigo<\/div>\n<div style=\"text-align: center;\">mal de amor<\/div>\n<div style=\"text-align: center;\">cora\u00e7\u00f5es desatentos<\/div>\n<div style=\"text-align: center;\">bal\u00e3o<\/div>\n<div style=\"text-align: center;\">volta<\/div>\n<div style=\"text-align: center;\">cora\u00e7\u00e3o urbano<\/div>\n<div style=\"text-align: center;\"><\/div>\n<div><\/div>\n","protected":false},"excerpt":{"rendered":"<p>Ol\u00e1 amigos cultos, ocultos e associados! J\u00e1 h\u00e1 algum tempo atr\u00e1s apareceu aqui no meu prato este disco, muito interessante, produ\u00e7\u00e3o independente, feita nas Gerais. Gostei do disco logo a primeira vez que ouvi. E n\u00e3o era para menos, afinal &hellip; <a href=\"https:\/\/www.toque-musicall.com\/?p=112\">Continue lendo <span class=\"meta-nav\">&rarr;<\/span><\/a><\/p>\n","protected":false},"author":1,"featured_media":0,"comment_status":"open","ping_status":"closed","sticky":false,"template":"","format":"standard","meta":{"footnotes":""},"categories":[206,25],"tags":[],"class_list":["post-112","post","type-post","status-publish","format-standard","hentry","category-antonio-guimaraes","category-selo-independente"],"_links":{"self":[{"href":"https:\/\/www.toque-musicall.com\/index.php?rest_route=\/wp\/v2\/posts\/112","targetHints":{"allow":["GET"]}}],"collection":[{"href":"https:\/\/www.toque-musicall.com\/index.php?rest_route=\/wp\/v2\/posts"}],"about":[{"href":"https:\/\/www.toque-musicall.com\/index.php?rest_route=\/wp\/v2\/types\/post"}],"author":[{"embeddable":true,"href":"https:\/\/www.toque-musicall.com\/index.php?rest_route=\/wp\/v2\/users\/1"}],"replies":[{"embeddable":true,"href":"https:\/\/www.toque-musicall.com\/index.php?rest_route=%2Fwp%2Fv2%2Fcomments&post=112"}],"version-history":[{"count":0,"href":"https:\/\/www.toque-musicall.com\/index.php?rest_route=\/wp\/v2\/posts\/112\/revisions"}],"wp:attachment":[{"href":"https:\/\/www.toque-musicall.com\/index.php?rest_route=%2Fwp%2Fv2%2Fmedia&parent=112"}],"wp:term":[{"taxonomy":"category","embeddable":true,"href":"https:\/\/www.toque-musicall.com\/index.php?rest_route=%2Fwp%2Fv2%2Fcategories&post=112"},{"taxonomy":"post_tag","embeddable":true,"href":"https:\/\/www.toque-musicall.com\/index.php?rest_route=%2Fwp%2Fv2%2Ftags&post=112"}],"curies":[{"name":"wp","href":"https:\/\/api.w.org\/{rel}","templated":true}]}}