{"id":11200,"date":"2025-06-09T12:24:08","date_gmt":"2025-06-09T15:24:08","guid":{"rendered":"https:\/\/www.toque-musicall.com\/?p=11200"},"modified":"2025-06-22T12:27:15","modified_gmt":"2025-06-22T15:27:15","slug":"nazare-pereira-nazare-1979","status":"publish","type":"post","link":"https:\/\/www.toque-musicall.com\/?p=11200","title":{"rendered":"Nazar\u00e9 Pereira &#8211; Nazar\u00e9 (1979)"},"content":{"rendered":"\n<figure class=\"wp-block-image size-large\"><img decoding=\"async\" src=\"https:\/\/blogger.googleusercontent.com\/img\/b\/R29vZ2xl\/AVvXsEhAqieACy3C5mS4ra0WjwRsroY_9CcYyI_EkbuCNjMjt5mF6puOYdU7szsiom5N_ADMWHLj_FEsKxcFoiI5PHi9qJMtzWFycbOe8Js9SfpoEUM4JVqff6QeUBnhp77t88TIR8LNNfL9xd1CtBS_MmGhoNaIaGkzltgUVESkNOYK_Hz-YH5C7Vx0rBwVIZ_J\/w640-h634\/Capturar.JPG\" alt=\"\"\/><\/figure>\n\n\n\n<figure class=\"wp-block-image size-large\"><img decoding=\"async\" src=\"https:\/\/blogger.googleusercontent.com\/img\/b\/R29vZ2xl\/AVvXsEiOytZe1ebLhYzzFyAk7iP_S6asV3xlCZkKeLapUjA84SsXaBcIs4y1F_SJY3bPeshXJyavrExBAJogT9dXR74fK8t07gGJDWTocUs5oMGy7SQEf9EC7tp4r3raCNetf7d03ZxrSzPH-eoBMUGpFYoDUlhIPoXFT2tDT48G_J6wccgdFJNATvwcEcdCG5ws\/w638-h640\/Capturarb.JPG\" alt=\"\"\/><\/figure>\n\n\n<div class=\"separator\">Como j\u00e1 deu para perceber, estamos no momento nos dedicando \u00e0s cantoras, \u00e0 presen\u00e7a feminina compondo, tocando e principalmente cantando. Aqui e mais uma vez no Toque Musical temos o prazer de apresentar essa brilhante artista, cantora, atriz e dan\u00e7arina, Nazar\u00e9 Pereira. Temos nesta postagem seu primeiro lp, gravado na Fran\u00e7a e lan\u00e7ado tamb\u00e9m aqui no Brasil atrav\u00e9s do selo Top Tape, em 1979. S\u00e3o dez can\u00e7\u00f5es das quais, como podemos ver logo a baixo na lista, boa parte s\u00e3o temas bastante conhecido do p\u00fablico. Mas que trazem um novo sabor nos arranjos e interepreta\u00e7\u00e3o de Nazar\u00e9. Bel\u00edssimo trabalho, vale a pena conhecer&#8230;<\/div>\n<div class=\"separator\">\u00a0<\/div>\n<div class=\"separator\">matutinha<\/div>\n<div class=\"separator\">anda luziao cheiro da carolina<\/div>\n<div class=\"separator\">so quiero un xodo<\/div>\n<div class=\"separator\">boi do amazonas<\/div>\n<div class=\"separator\">bambo de bambu<\/div>\n<div class=\"separator\">yara<\/div>\n<div class=\"separator\">pisa na ful\u00f4<\/div>\n<div class=\"separator\">desafio nordestino<\/div>\n<div class=\"separator\">loana<\/div>\n<div class=\"separator\">\u00a0<\/div>\n<div class=\"separator\">\u00a0<\/div>\n<div class=\"separator\">.<\/div>","protected":false},"excerpt":{"rendered":"<p>Como j\u00e1 deu para perceber, estamos no momento nos dedicando \u00e0s cantoras, \u00e0 presen\u00e7a feminina compondo, tocando e principalmente cantando. Aqui e mais uma vez no Toque Musical temos o prazer de apresentar essa brilhante artista, cantora, atriz e dan\u00e7arina, &hellip; <a href=\"https:\/\/www.toque-musicall.com\/?p=11200\">Continue lendo <span class=\"meta-nav\">&rarr;<\/span><\/a><\/p>\n","protected":false},"author":1,"featured_media":0,"comment_status":"closed","ping_status":"closed","sticky":false,"template":"","format":"standard","meta":{"footnotes":""},"categories":[1],"tags":[5239,3133],"class_list":["post-11200","post","type-post","status-publish","format-standard","hentry","category-sem-categoria","tag-nazare-pereira","tag-selo-top-tape"],"_links":{"self":[{"href":"https:\/\/www.toque-musicall.com\/index.php?rest_route=\/wp\/v2\/posts\/11200","targetHints":{"allow":["GET"]}}],"collection":[{"href":"https:\/\/www.toque-musicall.com\/index.php?rest_route=\/wp\/v2\/posts"}],"about":[{"href":"https:\/\/www.toque-musicall.com\/index.php?rest_route=\/wp\/v2\/types\/post"}],"author":[{"embeddable":true,"href":"https:\/\/www.toque-musicall.com\/index.php?rest_route=\/wp\/v2\/users\/1"}],"replies":[{"embeddable":true,"href":"https:\/\/www.toque-musicall.com\/index.php?rest_route=%2Fwp%2Fv2%2Fcomments&post=11200"}],"version-history":[{"count":1,"href":"https:\/\/www.toque-musicall.com\/index.php?rest_route=\/wp\/v2\/posts\/11200\/revisions"}],"predecessor-version":[{"id":11201,"href":"https:\/\/www.toque-musicall.com\/index.php?rest_route=\/wp\/v2\/posts\/11200\/revisions\/11201"}],"wp:attachment":[{"href":"https:\/\/www.toque-musicall.com\/index.php?rest_route=%2Fwp%2Fv2%2Fmedia&parent=11200"}],"wp:term":[{"taxonomy":"category","embeddable":true,"href":"https:\/\/www.toque-musicall.com\/index.php?rest_route=%2Fwp%2Fv2%2Fcategories&post=11200"},{"taxonomy":"post_tag","embeddable":true,"href":"https:\/\/www.toque-musicall.com\/index.php?rest_route=%2Fwp%2Fv2%2Ftags&post=11200"}],"curies":[{"name":"wp","href":"https:\/\/api.w.org\/{rel}","templated":true}]}}