{"id":11204,"date":"2025-06-11T12:34:48","date_gmt":"2025-06-11T15:34:48","guid":{"rendered":"https:\/\/www.toque-musicall.com\/?p=11204"},"modified":"2025-06-22T12:37:12","modified_gmt":"2025-06-22T15:37:12","slug":"sandra-sa-olhos-coloridos-1986","status":"publish","type":"post","link":"https:\/\/www.toque-musicall.com\/?p=11204","title":{"rendered":"Sandra S\u00e1 &#8211; Olhos Coloridos (1986)"},"content":{"rendered":"\n<figure class=\"wp-block-image size-large\"><img decoding=\"async\" src=\"https:\/\/blogger.googleusercontent.com\/img\/b\/R29vZ2xl\/AVvXsEg-BJ23BBpG0YQ02_05C2Xd-u2s3JGRXGtNIPm2LHxdOaxBT3xnmqUMDpAivTKv-k1QDsV4D6IBpYs66gaiKVYt6fe-JmCX5-5umcRJNHigQ09oZYvuxQBYHshcxAOBa7r47c83u0QvcY5714Bto3u4_PXxqFSJIPHRcdoZD8Xl6gS3bi6_Bj8NRdX2kBgO\/w638-h640\/Capturar.JPG\" alt=\"\"\/><\/figure>\n\n\n\n<figure class=\"wp-block-image size-large\"><img decoding=\"async\" src=\"https:\/\/blogger.googleusercontent.com\/img\/b\/R29vZ2xl\/AVvXsEglRxo3B5Qy0sdKx0kOTPTBWjYQnvo0yDy_ZGR4XdcmoNAnMuQau7w5VgVhYRJoiCVzFlpOjRav-P1Sy0WeSJlOjbCo8jQJz2Mtd245fiU3SIn6MWNkZanFZvup-JowRQ-4fQZfqlAWt0J30QRWhTG7U13oA-t6ieqP9gYJccYygfHWs8MgRzUMvEtFb0_G\/w640-h640\/Capturarb.JPG\" alt=\"\"\/><\/figure>\n\n\n<div class=\"separator\">Aqui, mais uma cantora-compositora e tamb\u00e9m atriz, a carioca Sandra S\u00e1. Artista super premiada e com v\u00e1rios discos de sucesso. Considerada a rainha do &#8216;soul&#8217; brasileiro e tamb\u00e9m chamada de &#8216;Tim Maia de saia&#8217; pelas influ\u00eancias, o balan\u00e7o e o timbre de voz. Neste lp, o quinto de sua carreira, lan\u00e7ado em 1986 pelo selo RCA, ela emplacou v\u00e1rios hits de sucesso como &#8220;Retratos e can\u00e7\u00f5es&#8221;, &#8220;Joga fora&#8221;, &#8220;Solid\u00e3o&#8221; e &#8220;Olhos coloridos&#8221;. Um disco que at\u00e9 hoje ainda faz muito sucesso por a\u00ed \ud83d\ude42<\/div>\n<div class=\"separator\">\u00a0<\/div>\n<div class=\"separator\">retratos e can\u00e7\u00f5es<\/div>\n<div class=\"separator\">joga fora<\/div>\n<div class=\"separator\">solid\u00e3o<\/div>\n<div class=\"separator\">entre n\u00f3s<\/div>\n<div class=\"separator\">olhos coloridos<\/div>\n<div class=\"separator\">usa e abusa<\/div>\n<div class=\"separator\">n\u00e3o v\u00e1<\/div>\n<div class=\"separator\">mora no cora\u00e7\u00e3o<\/div>\n<div class=\"separator\">lobo mau<\/div>\n<div class=\"separator\">aquelas coisas<\/div>\n<div class=\"separator\">feliz<\/div>\n<div class=\"separator\">\u00a0<\/div>\n<div class=\"separator\">\u00a0<\/div>\n<div class=\"separator\">.<\/div>","protected":false},"excerpt":{"rendered":"<p>Aqui, mais uma cantora-compositora e tamb\u00e9m atriz, a carioca Sandra S\u00e1. Artista super premiada e com v\u00e1rios discos de sucesso. Considerada a rainha do &#8216;soul&#8217; brasileiro e tamb\u00e9m chamada de &#8216;Tim Maia de saia&#8217; pelas influ\u00eancias, o balan\u00e7o e o &hellip; <a href=\"https:\/\/www.toque-musicall.com\/?p=11204\">Continue lendo <span class=\"meta-nav\">&rarr;<\/span><\/a><\/p>\n","protected":false},"author":1,"featured_media":0,"comment_status":"closed","ping_status":"closed","sticky":false,"template":"","format":"standard","meta":{"footnotes":""},"categories":[1],"tags":[5976,3040],"class_list":["post-11204","post","type-post","status-publish","format-standard","hentry","category-sem-categoria","tag-sandra-sa","tag-selo-rca"],"_links":{"self":[{"href":"https:\/\/www.toque-musicall.com\/index.php?rest_route=\/wp\/v2\/posts\/11204","targetHints":{"allow":["GET"]}}],"collection":[{"href":"https:\/\/www.toque-musicall.com\/index.php?rest_route=\/wp\/v2\/posts"}],"about":[{"href":"https:\/\/www.toque-musicall.com\/index.php?rest_route=\/wp\/v2\/types\/post"}],"author":[{"embeddable":true,"href":"https:\/\/www.toque-musicall.com\/index.php?rest_route=\/wp\/v2\/users\/1"}],"replies":[{"embeddable":true,"href":"https:\/\/www.toque-musicall.com\/index.php?rest_route=%2Fwp%2Fv2%2Fcomments&post=11204"}],"version-history":[{"count":1,"href":"https:\/\/www.toque-musicall.com\/index.php?rest_route=\/wp\/v2\/posts\/11204\/revisions"}],"predecessor-version":[{"id":11205,"href":"https:\/\/www.toque-musicall.com\/index.php?rest_route=\/wp\/v2\/posts\/11204\/revisions\/11205"}],"wp:attachment":[{"href":"https:\/\/www.toque-musicall.com\/index.php?rest_route=%2Fwp%2Fv2%2Fmedia&parent=11204"}],"wp:term":[{"taxonomy":"category","embeddable":true,"href":"https:\/\/www.toque-musicall.com\/index.php?rest_route=%2Fwp%2Fv2%2Fcategories&post=11204"},{"taxonomy":"post_tag","embeddable":true,"href":"https:\/\/www.toque-musicall.com\/index.php?rest_route=%2Fwp%2Fv2%2Ftags&post=11204"}],"curies":[{"name":"wp","href":"https:\/\/api.w.org\/{rel}","templated":true}]}}