{"id":11206,"date":"2025-06-12T12:37:38","date_gmt":"2025-06-12T15:37:38","guid":{"rendered":"https:\/\/www.toque-musicall.com\/?p=11206"},"modified":"2025-06-22T12:39:16","modified_gmt":"2025-06-22T15:39:16","slug":"nana-caymmi-perola-1981","status":"publish","type":"post","link":"https:\/\/www.toque-musicall.com\/?p=11206","title":{"rendered":"Nana Caymmi &#8211; P\u00e9rola (1981)"},"content":{"rendered":"\n<figure class=\"wp-block-image size-large\"><img decoding=\"async\" src=\"https:\/\/blogger.googleusercontent.com\/img\/b\/R29vZ2xl\/AVvXsEhHGGbvzbWTjsdnhZbZJCmsOAAmix_l5ZRQRyonbDQYmpOMvUYDOY285TPxky3Ta5cMTs0-FrCnCLxvUmSQfWDJx3WYNO2KHlXVSBJ60GHNhCLxm28mDBCG8bL0CmDVQ0cgnusyKA2n93E07bKXTa7OXIcUxg6yi5c8emhadmqUXCHkfP0pCvwRKZB-tdUe\/w640-h624\/Capturar.JPG\" alt=\"\"\/><\/figure>\n\n\n\n<figure class=\"wp-block-image size-large\"><img decoding=\"async\" src=\"https:\/\/blogger.googleusercontent.com\/img\/b\/R29vZ2xl\/AVvXsEj94X5j2S_1DyXD1KZ7YHw4WoRKw2lv9qnRxdxtZ1gokoXfaun5Xu8MHgcSQqsrXt2c1tdVEkDqjpJc5j8qIQHOq50yBu2YGvfAwcjahNRzM_U_wQI1mO1e66RfecIPzl4XrqubXkjkSwZhoDZa3L8vnJZ-Q6WG6RdaI7c4gjsstXpxukSGeXnYhL7lROJB\/w640-h634\/Capturarb.JPG\" alt=\"\"\/><\/figure>\n\n\n<div class=\"separator\">Em maio deste ano perdemos esta grande cantora que foi Nana Caymmi. Indiscutivelmente uma de nossas maiores cantoras, interpreta\u00e7\u00e3o impec\u00e1vel e por certo, sempre com o melhor repert\u00f3rio. Uma pena, vai fazer muita falta. Felizmente, ela nos deixou uma boa discografia e n\u00f3s aqui j\u00e1 tivemos o prazer de apresent\u00e1-la em outros discos. Agora, n\u00e3o apenas como homenagem, estamos trazendo esta &#8220;P\u00e9rola&#8221;, lp lan\u00e7ado pela EMI, em 1981, mas contendo faixas de 79 e 80. Sem d\u00favida, uma sele\u00e7\u00e3o de primeira&#8230;<\/div>\n<div class=\"separator\">\u00a0<\/div>\n<div class=\"separator\">de volta ao come\u00e7o<\/div>\n<div class=\"separator\">brisa do mar<\/div>\n<div class=\"separator\">contrato de separa\u00e7\u00e3o<\/div>\n<div class=\"separator\">voc\u00ea que me ouve<\/div>\n<div class=\"separator\">n\u00e3o diga n\u00e3o<\/div>\n<div class=\"separator\">velho piano<\/div>\n<div class=\"separator\">meu bem querer<\/div>\n<div class=\"separator\">fruta boa<\/div>\n<div class=\"separator\">formicida corda e flor<\/div>\n<div class=\"separator\">bons amigos<\/div>\n<div class=\"separator\">meu sil\u00eancio\u00a0<\/div>\n<div class=\"separator\">p\u00e9rola<\/div>\n<div class=\"separator\">\u00a0<\/div>\n<div class=\"separator\">\u00a0<\/div>\n<div class=\"separator\">.<\/div>","protected":false},"excerpt":{"rendered":"<p>Em maio deste ano perdemos esta grande cantora que foi Nana Caymmi. Indiscutivelmente uma de nossas maiores cantoras, interpreta\u00e7\u00e3o impec\u00e1vel e por certo, sempre com o melhor repert\u00f3rio. Uma pena, vai fazer muita falta. Felizmente, ela nos deixou uma boa &hellip; <a href=\"https:\/\/www.toque-musicall.com\/?p=11206\">Continue lendo <span class=\"meta-nav\">&rarr;<\/span><\/a><\/p>\n","protected":false},"author":1,"featured_media":0,"comment_status":"closed","ping_status":"closed","sticky":false,"template":"","format":"standard","meta":{"footnotes":""},"categories":[1],"tags":[5559,3639],"class_list":["post-11206","post","type-post","status-publish","format-standard","hentry","category-sem-categoria","tag-nana-caymmi","tag-selo-emi"],"_links":{"self":[{"href":"https:\/\/www.toque-musicall.com\/index.php?rest_route=\/wp\/v2\/posts\/11206","targetHints":{"allow":["GET"]}}],"collection":[{"href":"https:\/\/www.toque-musicall.com\/index.php?rest_route=\/wp\/v2\/posts"}],"about":[{"href":"https:\/\/www.toque-musicall.com\/index.php?rest_route=\/wp\/v2\/types\/post"}],"author":[{"embeddable":true,"href":"https:\/\/www.toque-musicall.com\/index.php?rest_route=\/wp\/v2\/users\/1"}],"replies":[{"embeddable":true,"href":"https:\/\/www.toque-musicall.com\/index.php?rest_route=%2Fwp%2Fv2%2Fcomments&post=11206"}],"version-history":[{"count":1,"href":"https:\/\/www.toque-musicall.com\/index.php?rest_route=\/wp\/v2\/posts\/11206\/revisions"}],"predecessor-version":[{"id":11207,"href":"https:\/\/www.toque-musicall.com\/index.php?rest_route=\/wp\/v2\/posts\/11206\/revisions\/11207"}],"wp:attachment":[{"href":"https:\/\/www.toque-musicall.com\/index.php?rest_route=%2Fwp%2Fv2%2Fmedia&parent=11206"}],"wp:term":[{"taxonomy":"category","embeddable":true,"href":"https:\/\/www.toque-musicall.com\/index.php?rest_route=%2Fwp%2Fv2%2Fcategories&post=11206"},{"taxonomy":"post_tag","embeddable":true,"href":"https:\/\/www.toque-musicall.com\/index.php?rest_route=%2Fwp%2Fv2%2Ftags&post=11206"}],"curies":[{"name":"wp","href":"https:\/\/api.w.org\/{rel}","templated":true}]}}