{"id":11208,"date":"2025-06-13T12:40:23","date_gmt":"2025-06-13T15:40:23","guid":{"rendered":"https:\/\/www.toque-musicall.com\/?p=11208"},"modified":"2025-06-22T12:41:53","modified_gmt":"2025-06-22T15:41:53","slug":"joanna-chama-1981","status":"publish","type":"post","link":"https:\/\/www.toque-musicall.com\/?p=11208","title":{"rendered":"Joanna &#8211; Chama (1981)"},"content":{"rendered":"\n<figure class=\"wp-block-image size-large\"><img decoding=\"async\" src=\"https:\/\/blogger.googleusercontent.com\/img\/b\/R29vZ2xl\/AVvXsEjR0Sz4yCcnqnMvWdNRkjYA8r1dlynrDj871gWLft9UZW5WelCmTh6teigFhDM8oxkevtjGMv-7s_kwfnpoQfraKDxHNzEglq6gFgSvcP7484W12kn5r1KAFd1dx-5XBFFk-Fr9TvuUaQsT-1-nPoUUF7nLQWqQcfURVdMSfoHmoCk6To6Xt3tcR6JMRVYF\/w640-h630\/Capturar.JPG\" alt=\"\"\/><\/figure>\n\n\n\n<figure class=\"wp-block-image size-large\"><img decoding=\"async\" src=\"https:\/\/blogger.googleusercontent.com\/img\/b\/R29vZ2xl\/AVvXsEgpkNJw-DdBrMdjbE03piNaEJfA93OoyLVFt3tgpEI9SuUzrimh42VsrseGTyGG_5Ydt-l9Rncn52dElon1NXcN70r20Dt5HXsaW50FslrttCTt-RHzz9e102dtteS1hy0QEI_gcjePt3wHIr_vCYOhhnaHrSd3G3P4KzsHYg0Qbij3mkyBwlhYhPKf47zT\/w624-h640\/Capturarb.JPG\" alt=\"\"\/><\/figure>\n\n\n<div class=\"separator\">Ainda na safra de cantoras dos 80, temos tamb\u00e9m a Joanna. Artista que j\u00e1 foi apresentada aqui no Toque Musical. Ela gravou muito e tamb\u00e9m fez muito sucesso nas d\u00e9cadas de 80 e 90. Esteve muito ativa tamb\u00e9m na primeira d\u00e9cada dos anos 2000. Escolhemos dela o \u00e1lbum &#8220;Chama&#8221;, seu terceiro lp, lan\u00e7ado em 1981 pela RCA e como os demais, tamb\u00e9m ganhou Disco de Ouro pelo sucesso e vendas. Neste disco temos um repert\u00f3rio muito bom, que infelizmente mal se pode ler na contracapa. Mas entre as m\u00fasicas temos um grande sucesso que \u00e9 &#8220;Nos bailes da vida&#8221;, m\u00fasica de Milton Nascimento e Fernando Brant, que segundo a pr\u00f3pria cantora diz, foi feita para ela. Curiosamente, &#8220;Ca\u00e7ador de mim&#8221;, lp de Milton foi lan\u00e7ado no mesmo ano de &#8220;Chama&#8221;. Vale a pena conferir aqui a interpreta\u00e7\u00e3o da cantora.<\/div>\n<div class=\"separator\">\u00a0<\/div>\n<div class=\"separator\">tenta\u00e7\u00e3o<\/div>\n<div class=\"separator\">chama<\/div>\n<div class=\"separator\">mulher marcada<\/div>\n<div class=\"separator\">uma can\u00e7\u00e3o de amor<\/div>\n<div class=\"separator\">doce de c\u00f4co<\/div>\n<div class=\"separator\">eu te amo<\/div>\n<div class=\"separator\">nos bailes da vida<\/div>\n<div class=\"separator\">decis\u00e3o<\/div>\n<div class=\"separator\">tempo de pedra<\/div>\n<div class=\"separator\">doce bandido<\/div>\n<div class=\"separator\">d\u00favidas<\/div>\n<div class=\"separator\">minha casa<\/div>\n<div class=\"separator\">\u00a0<\/div>\n<div class=\"separator\">\u00a0<\/div>\n<div class=\"separator\">.<\/div>","protected":false},"excerpt":{"rendered":"<p>Ainda na safra de cantoras dos 80, temos tamb\u00e9m a Joanna. Artista que j\u00e1 foi apresentada aqui no Toque Musical. Ela gravou muito e tamb\u00e9m fez muito sucesso nas d\u00e9cadas de 80 e 90. Esteve muito ativa tamb\u00e9m na primeira &hellip; <a href=\"https:\/\/www.toque-musicall.com\/?p=11208\">Continue lendo <span class=\"meta-nav\">&rarr;<\/span><\/a><\/p>\n","protected":false},"author":1,"featured_media":0,"comment_status":"closed","ping_status":"closed","sticky":false,"template":"","format":"standard","meta":{"footnotes":""},"categories":[1],"tags":[5977,3040],"class_list":["post-11208","post","type-post","status-publish","format-standard","hentry","category-sem-categoria","tag-joanna","tag-selo-rca"],"_links":{"self":[{"href":"https:\/\/www.toque-musicall.com\/index.php?rest_route=\/wp\/v2\/posts\/11208","targetHints":{"allow":["GET"]}}],"collection":[{"href":"https:\/\/www.toque-musicall.com\/index.php?rest_route=\/wp\/v2\/posts"}],"about":[{"href":"https:\/\/www.toque-musicall.com\/index.php?rest_route=\/wp\/v2\/types\/post"}],"author":[{"embeddable":true,"href":"https:\/\/www.toque-musicall.com\/index.php?rest_route=\/wp\/v2\/users\/1"}],"replies":[{"embeddable":true,"href":"https:\/\/www.toque-musicall.com\/index.php?rest_route=%2Fwp%2Fv2%2Fcomments&post=11208"}],"version-history":[{"count":1,"href":"https:\/\/www.toque-musicall.com\/index.php?rest_route=\/wp\/v2\/posts\/11208\/revisions"}],"predecessor-version":[{"id":11209,"href":"https:\/\/www.toque-musicall.com\/index.php?rest_route=\/wp\/v2\/posts\/11208\/revisions\/11209"}],"wp:attachment":[{"href":"https:\/\/www.toque-musicall.com\/index.php?rest_route=%2Fwp%2Fv2%2Fmedia&parent=11208"}],"wp:term":[{"taxonomy":"category","embeddable":true,"href":"https:\/\/www.toque-musicall.com\/index.php?rest_route=%2Fwp%2Fv2%2Fcategories&post=11208"},{"taxonomy":"post_tag","embeddable":true,"href":"https:\/\/www.toque-musicall.com\/index.php?rest_route=%2Fwp%2Fv2%2Ftags&post=11208"}],"curies":[{"name":"wp","href":"https:\/\/api.w.org\/{rel}","templated":true}]}}