{"id":11212,"date":"2025-06-15T19:41:33","date_gmt":"2025-06-15T22:41:33","guid":{"rendered":"https:\/\/www.toque-musicall.com\/?p=11212"},"modified":"2025-06-23T19:43:35","modified_gmt":"2025-06-23T22:43:35","slug":"odete-lara-constraste-1966","status":"publish","type":"post","link":"https:\/\/www.toque-musicall.com\/?p=11212","title":{"rendered":"Odete Lara &#8211; Constraste (1966)"},"content":{"rendered":"\n<figure class=\"wp-block-image size-large\"><img decoding=\"async\" src=\"https:\/\/blogger.googleusercontent.com\/img\/b\/R29vZ2xl\/AVvXsEjhuBq6m7XW7gw3qtKQ4WvzfDsRODnRdSC6c0djlsoM1dTmwXQmzTVm-DS7MRM4M3CZl1zGqxmGcL7ClLAxz5wX95zPL2l1_eOLlSguZ_vdcIHEuVvmMf7C00sObVAj9mY1n2v8ScHpC4IkG2VihNeaNbgJGElZJiy5KSR_WmuZiZ5DNCQK9rSPP-N9H94n\/w632-h640\/odette%20lara%20-%20contrastes.jpg\" alt=\"\"\/><\/figure>\n\n\n\n<figure class=\"wp-block-image size-large\"><img decoding=\"async\" src=\"https:\/\/blogger.googleusercontent.com\/img\/b\/R29vZ2xl\/AVvXsEg-T42XFrYP5uk8YJ7WPzKhiCdnjj4e_SxEFA4SbobN2wZnqucvjOlGBqnahQHsARtMmJeQ2Bh9mWE7g2GzHRa7Lj7P6RdDtTQrQ1mbniTG4aj9JQ0ZFZ3biyHk8cwk4lzIVrzmIn3V8QSsPjWzY3OaaB60jzUEoZR6dM1fQlc0CKvz2S7anTgcqJxpxwNv\/w640-h640\/R-6336521-1416766923-8672.jpg\" alt=\"\"\/><\/figure>\n\n\n<div class=\"separator\">Passamos agora para a d\u00e9cada de 60 trazendo este lp do selo Elenco, com produ\u00e7\u00e3o do &#8216;boss&#8217;, Aloysio de Oliveira. Temos a atriz e tamb\u00e9m cantora Odette Lara que naqueles anos 60 estava em alta no meio musical, principalmente atuando ao lado de figuras como Vin\u00edcius de Moraes e em grava\u00e7\u00f5es do selo Elenco. &#8220;Contrates&#8221; foi seu \u00fancio lp, lan\u00e7ado em 1965. Hoje, um dos discos mais raros deste selo. Foi editado tamb\u00e9m na Am\u00e9rica Latina e teve tamb\u00e9m um relan\u00e7amento em cd.<\/div>\n<div class=\"separator\">\u00a0<\/div>\n<div class=\"separator\">tem mais samba<\/div>\n<div class=\"separator\">can\u00e7\u00e3o em modo menor<\/div>\n<div class=\"separator\">apelo<\/div>\n<div class=\"separator\">minh desventura<\/div>\n<div class=\"separator\">sem mais adeus<\/div>\n<div class=\"separator\">pra voc\u00ea que chora<\/div>\n<div class=\"separator\">meu refr\u00e3o<\/div>\n<div class=\"separator\">can\u00e7\u00e3o do amor ausente<\/div>\n<div class=\"separator\">funeral do lavrador<\/div>\n<div class=\"separator\">morrer de amor<\/div>\n<div class=\"separator\">\u00a0<\/div>\n<div class=\"separator\">\u00a0<\/div>\n<div class=\"separator\">.<\/div>\n<div class=\"separator\">\u00a0<\/div>","protected":false},"excerpt":{"rendered":"<p>Passamos agora para a d\u00e9cada de 60 trazendo este lp do selo Elenco, com produ\u00e7\u00e3o do &#8216;boss&#8217;, Aloysio de Oliveira. Temos a atriz e tamb\u00e9m cantora Odette Lara que naqueles anos 60 estava em alta no meio musical, principalmente atuando &hellip; <a href=\"https:\/\/www.toque-musicall.com\/?p=11212\">Continue lendo <span class=\"meta-nav\">&rarr;<\/span><\/a><\/p>\n","protected":false},"author":1,"featured_media":0,"comment_status":"closed","ping_status":"closed","sticky":false,"template":"","format":"standard","meta":{"footnotes":""},"categories":[1],"tags":[5978,3338],"class_list":["post-11212","post","type-post","status-publish","format-standard","hentry","category-sem-categoria","tag-odette-lara","tag-selo-elenco"],"_links":{"self":[{"href":"https:\/\/www.toque-musicall.com\/index.php?rest_route=\/wp\/v2\/posts\/11212","targetHints":{"allow":["GET"]}}],"collection":[{"href":"https:\/\/www.toque-musicall.com\/index.php?rest_route=\/wp\/v2\/posts"}],"about":[{"href":"https:\/\/www.toque-musicall.com\/index.php?rest_route=\/wp\/v2\/types\/post"}],"author":[{"embeddable":true,"href":"https:\/\/www.toque-musicall.com\/index.php?rest_route=\/wp\/v2\/users\/1"}],"replies":[{"embeddable":true,"href":"https:\/\/www.toque-musicall.com\/index.php?rest_route=%2Fwp%2Fv2%2Fcomments&post=11212"}],"version-history":[{"count":1,"href":"https:\/\/www.toque-musicall.com\/index.php?rest_route=\/wp\/v2\/posts\/11212\/revisions"}],"predecessor-version":[{"id":11213,"href":"https:\/\/www.toque-musicall.com\/index.php?rest_route=\/wp\/v2\/posts\/11212\/revisions\/11213"}],"wp:attachment":[{"href":"https:\/\/www.toque-musicall.com\/index.php?rest_route=%2Fwp%2Fv2%2Fmedia&parent=11212"}],"wp:term":[{"taxonomy":"category","embeddable":true,"href":"https:\/\/www.toque-musicall.com\/index.php?rest_route=%2Fwp%2Fv2%2Fcategories&post=11212"},{"taxonomy":"post_tag","embeddable":true,"href":"https:\/\/www.toque-musicall.com\/index.php?rest_route=%2Fwp%2Fv2%2Ftags&post=11212"}],"curies":[{"name":"wp","href":"https:\/\/api.w.org\/{rel}","templated":true}]}}