{"id":11219,"date":"2025-06-18T21:24:09","date_gmt":"2025-06-19T00:24:09","guid":{"rendered":"https:\/\/www.toque-musicall.com\/?p=11219"},"modified":"2025-06-23T21:25:57","modified_gmt":"2025-06-24T00:25:57","slug":"thelma-canta-nelson-cavaquinho-1966","status":"publish","type":"post","link":"https:\/\/www.toque-musicall.com\/?p=11219","title":{"rendered":"Thelma &#8211; Canta Nelson Cavaquinho (1966)"},"content":{"rendered":"\n<figure class=\"wp-block-image size-large\"><img decoding=\"async\" src=\"https:\/\/blogger.googleusercontent.com\/img\/b\/R29vZ2xl\/AVvXsEhYIg5L4zNcnUXvSRkQrfQKUkUx8MPHte32lJxydHVWcKANkO5n3gtE1ODBGUffTszphQrASPmQBWG28rnya-yzqRi13fGmNm7xI924zudigG_XRGx7F03yVOnu28KEuQXJt8a1OvGPyVU6Yr36O5OPaNb0Lmhvda0y-tAVng113atQJKgvlaeg2pPaRkIg\/w640-h640\/R-4720883-1653663258-3773.jpg\" alt=\"\"\/><\/figure>\n\n\n\n<figure class=\"wp-block-image size-large\"><img decoding=\"async\" src=\"https:\/\/blogger.googleusercontent.com\/img\/b\/R29vZ2xl\/AVvXsEi7WHhZWYJoEZdgPKALxNxBUdiWFw6cZyP9gP9gVPdP5jd16OydVZTqattD2R4zuXHmC77AaCNBppUhOWb9vYnxmvLavpvTGaF_AVNVcy3uxa-SnCIRwRyHJrLX4qzVVHsVNOr0RnEmdvh69gGmddYXuWlgSqbY8ApN3qShvPcwneHoVBDvhJjKEYUnjrNO\/w640-h640\/R-4720883-1653663258-7171.jpg\" alt=\"\"\/><\/figure>\n\n\n<div class=\"separator\">Continuando com as cantoras, temos desta vez um disco da cantora Thelma. J\u00e1 apresentamos ela aqui em uma colet\u00e2nea e tinhamos por certo que este lp tamb\u00e9m j\u00e1 havia sido publicado. Como ainda n\u00e3o foi, eis que \u00e9 chegado o melhor momento. Temos aqui um disco que nem carece de muita apresenta\u00e7\u00e3o, o t\u00edtulo j\u00e1 fala por si, garantido que se trata de uma raridade de primeir\u00edssima, afinal, motivo aqui \u00e9 Nelson Cavaquinho. E embora o disco seja da cantora baiana Thelma, Nelson tamb\u00e9m est\u00e1 presente participando cantando em tr\u00eas faixas do disco. Thelma, para quem n\u00e3o conhece, veio da Bahia iniciando sua carreira de cantora em casas noturnas. Foi no Baiuca, uma boate famosa de S\u00e3o Paulo, onde ela fazia muito sucesso que Vin\u00edcius conheceu a mo\u00e7a e a recomendou para Aloysio de Oliveira. Foi para o Rio e l\u00e1 come\u00e7a a particpar de projetos musicais da bossa nova. Na contracapa temos um texto de apresenta\u00e7\u00e3o de Sergio Porto falando detalhadamente e pontualmente sobre cada uma das m\u00fasicas aqui interpretadas. Confiram no GTM&#8230;<\/div>\n<div class=\"separator\">\u00a0<\/div>\n<div class=\"separator\">luz negra<\/div>\n<div class=\"separator\">fora do baralho<\/div>\n<div class=\"separator\">cuidado com a outra<\/div>\n<div class=\"separator\">rio n\u00e3o \u00e9 mais crian\u00e7a<\/div>\n<div class=\"separator\">luto<\/div>\n<div class=\"separator\">hist\u00f3ria de um valente<\/div>\n<div class=\"separator\">a flor e o espinho<\/div>\n<div class=\"separator\">palha\u00e7o<\/div>\n<div class=\"separator\">rei sem trono<\/div>\n<div class=\"separator\">rugas<\/div>\n<div class=\"separator\">pecado<\/div>\n<div class=\"separator\">pranto de poeta<\/div>\n<div class=\"separator\">\u00a0<\/div>\n<div class=\"separator\">\u00a0<\/div>\n<div class=\"separator\">.<\/div>","protected":false},"excerpt":{"rendered":"<p>Continuando com as cantoras, temos desta vez um disco da cantora Thelma. J\u00e1 apresentamos ela aqui em uma colet\u00e2nea e tinhamos por certo que este lp tamb\u00e9m j\u00e1 havia sido publicado. Como ainda n\u00e3o foi, eis que \u00e9 chegado o &hellip; <a href=\"https:\/\/www.toque-musicall.com\/?p=11219\">Continue lendo <span class=\"meta-nav\">&rarr;<\/span><\/a><\/p>\n","protected":false},"author":1,"featured_media":0,"comment_status":"closed","ping_status":"closed","sticky":false,"template":"","format":"standard","meta":{"footnotes":""},"categories":[1],"tags":[4220,3268,5981],"class_list":["post-11219","post","type-post","status-publish","format-standard","hentry","category-sem-categoria","tag-nelson-cavaquinho","tag-selo-cbs","tag-thelma"],"_links":{"self":[{"href":"https:\/\/www.toque-musicall.com\/index.php?rest_route=\/wp\/v2\/posts\/11219","targetHints":{"allow":["GET"]}}],"collection":[{"href":"https:\/\/www.toque-musicall.com\/index.php?rest_route=\/wp\/v2\/posts"}],"about":[{"href":"https:\/\/www.toque-musicall.com\/index.php?rest_route=\/wp\/v2\/types\/post"}],"author":[{"embeddable":true,"href":"https:\/\/www.toque-musicall.com\/index.php?rest_route=\/wp\/v2\/users\/1"}],"replies":[{"embeddable":true,"href":"https:\/\/www.toque-musicall.com\/index.php?rest_route=%2Fwp%2Fv2%2Fcomments&post=11219"}],"version-history":[{"count":1,"href":"https:\/\/www.toque-musicall.com\/index.php?rest_route=\/wp\/v2\/posts\/11219\/revisions"}],"predecessor-version":[{"id":11220,"href":"https:\/\/www.toque-musicall.com\/index.php?rest_route=\/wp\/v2\/posts\/11219\/revisions\/11220"}],"wp:attachment":[{"href":"https:\/\/www.toque-musicall.com\/index.php?rest_route=%2Fwp%2Fv2%2Fmedia&parent=11219"}],"wp:term":[{"taxonomy":"category","embeddable":true,"href":"https:\/\/www.toque-musicall.com\/index.php?rest_route=%2Fwp%2Fv2%2Fcategories&post=11219"},{"taxonomy":"post_tag","embeddable":true,"href":"https:\/\/www.toque-musicall.com\/index.php?rest_route=%2Fwp%2Fv2%2Ftags&post=11219"}],"curies":[{"name":"wp","href":"https:\/\/api.w.org\/{rel}","templated":true}]}}