{"id":1123,"date":"2009-08-09T14:41:00","date_gmt":"2009-08-09T14:41:00","guid":{"rendered":"http:\/\/www.toque-musicall.com\/?p=1123"},"modified":"2009-08-09T14:41:00","modified_gmt":"2009-08-09T14:41:00","slug":"carlos-drummond-de-andrade-interpretado-por-lima-duarte-e-roberto-correa-1987","status":"publish","type":"post","link":"https:\/\/www.toque-musicall.com\/?p=1123","title":{"rendered":"Carlos Drummond de Andrade &#8211; Interpretado Por Lima Duarte E Roberto Corr\u00eaa (1987)"},"content":{"rendered":"<p><a href=\"http:\/\/3.bp.blogspot.com\/_DSKVEvHtskc\/Sn7gJ5W3JtI\/AAAAAAAAFKk\/AMEr0PQiGgo\/s1600-h\/Carlos+Drummond+P.JPG\"><img decoding=\"async\" style=\"display:block; margin:0px auto 10px; text-align:center;cursor:pointer; cursor:hand;width: 398px; height: 400px;\" src=\"http:\/\/3.bp.blogspot.com\/_DSKVEvHtskc\/Sn7gJ5W3JtI\/AAAAAAAAFKk\/AMEr0PQiGgo\/s400\/Carlos+Drummond+P.JPG\" border=\"0\" alt=\"\" id=\"BLOGGER_PHOTO_ID_5367974266492364498\" \/><\/a>Ol\u00e1 amigos cultos e ocultos! Hoje \u00e9 um domingo especial, \u00e9 o Dia dos Pais! Deixo aqui, logo de in\u00edcio, as minhas sauda\u00e7\u00f5es \u00e0 todos e ao meu que j\u00e1 se foi. Parab\u00e9ns senhores pais! Eu tamb\u00e9m, logo cedo, fui surpreendido ainda na cama pelo meu amado filh\u00e3o. Ganhei at\u00e9 um presente. Ganhei um livro que h\u00e1 muito vinha namorando, &#8220;1001 Discos Para Se Ouvir Antes De Morrer&#8221;. Quem gosta de m\u00fasica pop\/rock, discos e coisas assim, n\u00e3o podem deixar de t\u00ea-lo. N\u00e3o se trata obviamente do essencial ou do que realmente vale a pena em termos de discos, bem porque ele s\u00f3 contempla, em sua maioria, \u00e1lbuns americanos e ingleses. Mas nos d\u00e1 uma boa vis\u00e3o de alguns dos discos que mais se destacaram a partir dos anos 50, indo at\u00e9 os dias atuais. Como um bom virginiano (ou seria mal?) n\u00e3o deixo de fazer minhas &#8216;cr\u00edtiticas&#8217;. Come\u00e7ando pelo formato do livro, algo pr\u00f3ximo do 18&#215;24 cm para um n\u00famero de p\u00e1ginas que chegam quase a mil. Depois da primeira folheada ele come\u00e7a a ficar desformado, descola e perde aquele &#8216;status&#8217; de &#8216;finebook&#8217;, uma pena. Tem que abrir pouco e folhear com cuidado. Ideal seria o formato utilizado no 300 do Gavin. Quanto ao conte\u00fado, vejo ao ir passando suas p\u00e1ginas o que disse logo de in\u00edcio, s\u00f3 h\u00e1 vez para discos de l\u00edngua inglesa, em sua maioria. Cita\u00e7\u00e3o a algum brasileiro ficou s\u00f3 no Tom Jobim, Jo\u00e3o e Astrud Gilberto e um \u00fanico disco dos Mutantes. N\u00e3o que eu queira puxar a sardinha, mas em se tratando de m\u00fasica, deixar o Brasil fora dessas, chega a ser um sacril\u00e9gio. Por outro lado eu procuro entender a proposta do livro e a cabe\u00e7a dos gringos. Sei que no fundo a m\u00fasica que reina no mundo nos \u00faltimos 50 anos \u00e9 o pop e o rock. Esta passou a ser a linguagem musical universal. Toda a m\u00fasica jovem l\u00e1 fora (para n\u00e3o falar aqui dentro) est\u00e1 baseada no pop\/rock. Da\u00ed, pensar na inclus\u00e3o de artistas nacionais seria pedir muito. Tudo bem, t\u00e1 valendo&#8230;. Dos 1001 discos ali apresentados, posso dizer que bem mais da metade eu j\u00e1 ouvi ou tenho em minha cole\u00e7\u00e3o. Outros eu nem conhecia e outros ainda eu nem fa\u00e7o quest\u00e3o de ouvir, acho que morreria ao faz\u00ea-lo. Seja como for, apesar dos pesares, este livro n\u00e3o deixa de ser uma \u00f3tima pedida. Ironicamente, \u00e9 nessas horas que eu penso: puta merda, nossa m\u00fasica \u00e9 um tesouro! \u00c9 prata, \u00e9 pura, \u00e9 ouro! N\u00e3o podemos deix\u00e1-la de lado, esquecida e suplantada por ritmos alienados. Viva a m\u00fasica brasileira!<\/p>\n<div>Bom, agora vamos ao principal&#8230; voltemos a postagem do dia. Hoje, especialmente comemorando o Dias dos Pais, resolvi contrariamente postar um disco de poesia. Acho que pode ser um bom presente para o papai. Vamos com a poesia de Carlos Drummond de Andrade neste \u00e1lbum promocional, interpretado pelo ator Lima Duarte e fundo musical do mestre da viola caipira, Roberto Corr\u00eaa. Este disco foi feito especialmente como brinde de anivers\u00e1rio da empresa Makro no seu anivers\u00e1rio de 15 anos e oferecido aos seus clientes e fornecedores. Portanto, n\u00e3o \u00e9 um \u00e1lbum comercial e muito menos conhecido do grande p\u00fablico. Um brinde que agora eu repasso \u00e0 voc\u00eas, papais e filhos. E tenham um bom domingo!<\/div>\n<div><\/div>\n<div style=\"text-align: center;\">poema das sete faces<\/div>\n<div style=\"text-align: center;\">no meio do caminho<\/div>\n<div style=\"text-align: center;\">sentimento do mundo<\/div>\n<div style=\"text-align: center;\">confid\u00eancia do itabirano<\/div>\n<div style=\"text-align: center;\">cidadezinha qualquer<\/div>\n<div style=\"text-align: center;\">jos\u00e9<\/div>\n<div style=\"text-align: center;\">em face dos \u00faltimos acontecimentos<\/div>\n<div style=\"text-align: center;\">certas palavras<\/div>\n<div style=\"text-align: center;\">o enterrado vivo<\/div>\n<div style=\"text-align: center;\">consolo na praia<\/div>\n<div style=\"text-align: center;\">tamb\u00e9m j\u00e1 fui brasileiro<\/div>\n<div style=\"text-align: center;\">a vida passada a limpo<\/div>\n<div style=\"text-align: center;\">encontro<\/div>\n<div style=\"text-align: center;\">para sempre<\/div>\n<div style=\"text-align: center;\">obrigado<\/div>\n<div style=\"text-align: center;\">amar<\/div>\n<div style=\"text-align: center;\">quadrilha<\/div>\n<div style=\"text-align: center;\">can\u00e7\u00e3o para ninar mulher<\/div>\n<div style=\"text-align: center;\">quero me casar<\/div>\n<div style=\"text-align: center;\">estes crep\u00fasculos<\/div>\n<div style=\"text-align: center;\">toada do amor<\/div>\n<div style=\"text-align: center;\">amor, sinal estranho<\/div>\n<div style=\"text-align: center;\">o quarto em desordem<\/div>\n<div style=\"text-align: center;\">quero<\/div>\n<div style=\"text-align: center;\">amor e seu tempo<\/div>\n<div style=\"text-align: center;\">coitosob o chuveiro amar<\/div>\n<div style=\"text-align: center;\">ainda que mal<\/div>\n<div style=\"text-align: center;\"><\/div>\n<div style=\"text-align: center;\"><\/div>\n","protected":false},"excerpt":{"rendered":"<p>Ol\u00e1 amigos cultos e ocultos! Hoje \u00e9 um domingo especial, \u00e9 o Dia dos Pais! Deixo aqui, logo de in\u00edcio, as minhas sauda\u00e7\u00f5es \u00e0 todos e ao meu que j\u00e1 se foi. Parab\u00e9ns senhores pais! Eu tamb\u00e9m, logo cedo, fui &hellip; <a href=\"https:\/\/www.toque-musicall.com\/?p=1123\">Continue lendo <span class=\"meta-nav\">&rarr;<\/span><\/a><\/p>\n","protected":false},"author":1,"featured_media":0,"comment_status":"open","ping_status":"closed","sticky":false,"template":"","format":"standard","meta":{"footnotes":""},"categories":[1080,318,849],"tags":[],"class_list":["post-1123","post","type-post","status-publish","format-standard","hentry","category-carlos-drummond-de-andrade","category-poesia","category-roberto-correa"],"_links":{"self":[{"href":"https:\/\/www.toque-musicall.com\/index.php?rest_route=\/wp\/v2\/posts\/1123","targetHints":{"allow":["GET"]}}],"collection":[{"href":"https:\/\/www.toque-musicall.com\/index.php?rest_route=\/wp\/v2\/posts"}],"about":[{"href":"https:\/\/www.toque-musicall.com\/index.php?rest_route=\/wp\/v2\/types\/post"}],"author":[{"embeddable":true,"href":"https:\/\/www.toque-musicall.com\/index.php?rest_route=\/wp\/v2\/users\/1"}],"replies":[{"embeddable":true,"href":"https:\/\/www.toque-musicall.com\/index.php?rest_route=%2Fwp%2Fv2%2Fcomments&post=1123"}],"version-history":[{"count":0,"href":"https:\/\/www.toque-musicall.com\/index.php?rest_route=\/wp\/v2\/posts\/1123\/revisions"}],"wp:attachment":[{"href":"https:\/\/www.toque-musicall.com\/index.php?rest_route=%2Fwp%2Fv2%2Fmedia&parent=1123"}],"wp:term":[{"taxonomy":"category","embeddable":true,"href":"https:\/\/www.toque-musicall.com\/index.php?rest_route=%2Fwp%2Fv2%2Fcategories&post=1123"},{"taxonomy":"post_tag","embeddable":true,"href":"https:\/\/www.toque-musicall.com\/index.php?rest_route=%2Fwp%2Fv2%2Ftags&post=1123"}],"curies":[{"name":"wp","href":"https:\/\/api.w.org\/{rel}","templated":true}]}}