{"id":11232,"date":"2025-06-24T20:09:54","date_gmt":"2025-06-24T23:09:54","guid":{"rendered":"https:\/\/www.toque-musicall.com\/?p=11232"},"modified":"2025-06-30T20:12:34","modified_gmt":"2025-06-30T23:12:34","slug":"nova-geracao-em-ritmo-de-samba-1960","status":"publish","type":"post","link":"https:\/\/www.toque-musicall.com\/?p=11232","title":{"rendered":"Nova Gera\u00e7\u00e3o Em Ritmo De Samba (1960)"},"content":{"rendered":"\n<figure class=\"wp-block-image size-large\"><img decoding=\"async\" src=\"https:\/\/blogger.googleusercontent.com\/img\/b\/R29vZ2xl\/AVvXsEjGpQB3YbLtWHxngHh8vOj9HTOKs_WNzlqhQ-E_nZVpMk7j8mBpL39R9nAniUCwm2yD-ZF_UVRwNMwESG4OZEiwribk6Hcz2Sb1jVj-u29W8smZDF2UXTZxRVeCQmXNBpRl-T67IUhBN7x7pDNB98u5AeY_L4SHuNVFfQTrXkLzvQucrWBlf9rltF6_dOFN\/w640-h628\/Capturar.JPG\" alt=\"\"\/><\/figure>\n\n\n\n<figure class=\"wp-block-image size-large\"><img decoding=\"async\" src=\"https:\/\/blogger.googleusercontent.com\/img\/b\/R29vZ2xl\/AVvXsEjDOoFEsQRvf-wA_nCPXLWo4fQBax9OSQogED8fQjfw-dZpn1memiaQTWLPecUdaSO8tI0F-uocb8ZImLkY7EDte-azT1WMRnMNHu9kRNxqt-wXFsZOOcy-RhuBC-BzZZQ58uBayPg0WmxxdLbdajGmjfgc433BKyV1HtVsigCnuaHdOcsFHSByJ79Dqi_g\/w640-h628\/Capturarb.JPG\" alt=\"\"\/><\/figure>\n\n\n<div class=\"separator\">Temos para hoje outro disco bacana, que n\u00e3o poderia passar batido, ou por outra, n\u00e3o poderia faltar no nosso Toque Musical. &#8220;Nova Gera\u00e7\u00e3o em Ritmo de Samba&#8221; \u00e9 um lp dirigido e produzido pelo grande Altamiro Carrilho, que aqui teve a audaciosa escolha de chamar um jovem de, ent\u00e3o, 17 anos para ser o arranjador. Este rapaz era Eumir Deodato. Lan\u00e7ado em 1960 pelo selo Copacabana, o lp, como o pr\u00f3prio t\u00edtulo indica \u00e9 composto de sambas com toda aquela pegada de Bossa Nova. Ou seja, para a \u00e9poca, um disco moderno e para uma nova gera\u00e7\u00e3o. O conjunto escalado pelo flautista era formado por ele pr\u00f3prio, Deodato, Durval Ferreira, Agobar de Paula, Fernando Costa e Alfredinho. E tem tamb\u00e9m os vocais por conta de Marilucia, Myrna Romani. Claudette Soares, Silvino Junior e Walmir Falc\u00e3o. Vale a pena conferir&#8230;<\/div>\n<div class=\"separator\">\u00a0<\/div>\n<div class=\"separator\">guerra \u00e0 bossa<\/div>\n<div class=\"separator\">cinderela em 3d<\/div>\n<div class=\"separator\">vest\u00edgios de saudade<\/div>\n<div class=\"separator\">a f\u00e1bula que educa<\/div>\n<div class=\"separator\">ursinho dod\u00f3i<\/div>\n<div class=\"separator\">tristeza de n\u00f3s dois<\/div>\n<div class=\"separator\">eramos tr\u00eas<\/div>\n<div class=\"separator\">depois do carnaval<\/div>\n<div class=\"separator\">meu samba \u00e9 assim<\/div>\n<div class=\"separator\">fuga<\/div>\n<div class=\"separator\">copacabana sem voc\u00ca<\/div>\n<div class=\"separator\">sambop<\/div>\n<div class=\"separator\">\u00a0<\/div>\n<div class=\"separator\">\u00a0<\/div>\n<div class=\"separator\">.<\/div>","protected":false},"excerpt":{"rendered":"<p>Temos para hoje outro disco bacana, que n\u00e3o poderia passar batido, ou por outra, n\u00e3o poderia faltar no nosso Toque Musical. &#8220;Nova Gera\u00e7\u00e3o em Ritmo de Samba&#8221; \u00e9 um lp dirigido e produzido pelo grande Altamiro Carrilho, que aqui teve &hellip; <a href=\"https:\/\/www.toque-musicall.com\/?p=11232\">Continue lendo <span class=\"meta-nav\">&rarr;<\/span><\/a><\/p>\n","protected":false},"author":1,"featured_media":0,"comment_status":"closed","ping_status":"closed","sticky":false,"template":"","format":"standard","meta":{"footnotes":""},"categories":[1],"tags":[3570,3367,5988,3100,3108],"class_list":["post-11232","post","type-post","status-publish","format-standard","hentry","category-sem-categoria","tag-altamiro-carrilho","tag-claudette-soares","tag-durval-ferreira","tag-eumir-deodato","tag-selo-copacabana"],"_links":{"self":[{"href":"https:\/\/www.toque-musicall.com\/index.php?rest_route=\/wp\/v2\/posts\/11232","targetHints":{"allow":["GET"]}}],"collection":[{"href":"https:\/\/www.toque-musicall.com\/index.php?rest_route=\/wp\/v2\/posts"}],"about":[{"href":"https:\/\/www.toque-musicall.com\/index.php?rest_route=\/wp\/v2\/types\/post"}],"author":[{"embeddable":true,"href":"https:\/\/www.toque-musicall.com\/index.php?rest_route=\/wp\/v2\/users\/1"}],"replies":[{"embeddable":true,"href":"https:\/\/www.toque-musicall.com\/index.php?rest_route=%2Fwp%2Fv2%2Fcomments&post=11232"}],"version-history":[{"count":1,"href":"https:\/\/www.toque-musicall.com\/index.php?rest_route=\/wp\/v2\/posts\/11232\/revisions"}],"predecessor-version":[{"id":11233,"href":"https:\/\/www.toque-musicall.com\/index.php?rest_route=\/wp\/v2\/posts\/11232\/revisions\/11233"}],"wp:attachment":[{"href":"https:\/\/www.toque-musicall.com\/index.php?rest_route=%2Fwp%2Fv2%2Fmedia&parent=11232"}],"wp:term":[{"taxonomy":"category","embeddable":true,"href":"https:\/\/www.toque-musicall.com\/index.php?rest_route=%2Fwp%2Fv2%2Fcategories&post=11232"},{"taxonomy":"post_tag","embeddable":true,"href":"https:\/\/www.toque-musicall.com\/index.php?rest_route=%2Fwp%2Fv2%2Ftags&post=11232"}],"curies":[{"name":"wp","href":"https:\/\/api.w.org\/{rel}","templated":true}]}}