{"id":11234,"date":"2025-06-25T20:13:02","date_gmt":"2025-06-25T23:13:02","guid":{"rendered":"https:\/\/www.toque-musicall.com\/?p=11234"},"modified":"2025-06-30T20:16:54","modified_gmt":"2025-06-30T23:16:54","slug":"musika-jovem-1968-2","status":"publish","type":"post","link":"https:\/\/www.toque-musicall.com\/?p=11234","title":{"rendered":"Musika Jovem (1968)"},"content":{"rendered":"\n<figure class=\"wp-block-image size-large\"><img decoding=\"async\" src=\"https:\/\/blogger.googleusercontent.com\/img\/b\/R29vZ2xl\/AVvXsEhek3nL9ZlZG1CF9dWNeTQ2Na2oe0O6YkqfDod1W5uhiZLzHtmwZipWTqpJXoxamVLzOGgiAOS68upl9bRbc6UTAXPClCx7N1c_NEYiY_6XP6LJrun6fsVgDDRV2MohHoPvFfXwtfN5n2hk1reRWx8Hwca6mQY_iFczzvznF6KRgAQEo5c6OFjrNMy59Kjn\/w640-h624\/capa.jpg\" alt=\"\"\/><\/figure>\n\n\n\n<figure class=\"wp-block-image size-large\"><img decoding=\"async\" src=\"https:\/\/blogger.googleusercontent.com\/img\/b\/R29vZ2xl\/AVvXsEiJLyvGwjHYCqzC2Qvc210KxEEEh0e1ijEQ_r5N3S5KdhiIJrp1bX2oLXLFZwsSfnWcHGmk5MbF5CFFVHggZ_NKOsAowVMpu4UiuOkXTo1USAA_HSHEEbZiNOnnuDTS6X_W7QZI2a5AFUXCIYiD15rdzRnID7pfaiSk5mqKq2G-B2lxrq7oFfNtEY5RAoGM\/w640-h624\/Capturarb.JPG\" alt=\"\"\/><\/figure>\n\n\n<div class=\"separator\">Aqui outro lp interessante, lan\u00e7ado pela Polydor, em 1968, &#8220;Musika Jovem&#8221;, um t\u00edtulo sugestivo para uma colet\u00e2nea reunindo alguns artistas da m\u00fasica jovem de seu &#8216;cast&#8217;. Uma amostra que reune artistas conhecidos como Mutantes, Ronnie Von, Marcio Greyck, The Brazilian Bitles e tamb\u00e9m outros nomes que talvez nem tenham passado de um compacto. Vale a pena conhecer e ouvir&#8230;<\/div>\n<div class=\"separator\">\u00a0<\/div>\n<div class=\"separator\">mundo vazio &#8211; marico greyck<\/div>\n<div class=\"separator\">onoce one kono &#8211; the candies<\/div>\n<div class=\"separator\">o barqueiro &#8211; the brazilian bitles<\/div>\n<div class=\"separator\">as luzes se apagaram &#8211; hamilton<\/div>\n<div class=\"separator\">passarinho feliz &#8211; beatriz<\/div>\n<div class=\"separator\">a minha menina &#8211; mutantes<\/div>\n<div class=\"separator\">ele tem voc\u00ea &#8211; ronnie von<\/div>\n<div class=\"separator\">pra n\u00e3o lembrar nosso amor &#8211; dino meira<\/div>\n<div class=\"separator\">vem sorrindo &#8211; edson gray<\/div>\n<div class=\"separator\">cha la la &#8211; ottavio klemane<\/div>\n<div class=\"separator\">parole &#8211; conjunto norberto baldauf e edgard<\/div>\n<div class=\"separator\">\u00a0<\/div>\n<div class=\"separator\">\u00a0<\/div>\n<div class=\"separator\">.<\/div>\n<p>&nbsp;<\/p>","protected":false},"excerpt":{"rendered":"<p>Aqui outro lp interessante, lan\u00e7ado pela Polydor, em 1968, &#8220;Musika Jovem&#8221;, um t\u00edtulo sugestivo para uma colet\u00e2nea reunindo alguns artistas da m\u00fasica jovem de seu &#8216;cast&#8217;. Uma amostra que reune artistas conhecidos como Mutantes, Ronnie Von, Marcio Greyck, The Brazilian &hellip; <a href=\"https:\/\/www.toque-musicall.com\/?p=11234\">Continue lendo <span class=\"meta-nav\">&rarr;<\/span><\/a><\/p>\n","protected":false},"author":1,"featured_media":0,"comment_status":"closed","ping_status":"closed","sticky":false,"template":"","format":"standard","meta":{"footnotes":""},"categories":[1],"tags":[3158,5991,3368,4230,3057,5989],"class_list":["post-11234","post","type-post","status-publish","format-standard","hentry","category-sem-categoria","tag-coletanea","tag-marcio-greyck-2","tag-mutantes","tag-ronnie-von","tag-selo-polydor","tag-the-brazilian-bitles"],"_links":{"self":[{"href":"https:\/\/www.toque-musicall.com\/index.php?rest_route=\/wp\/v2\/posts\/11234","targetHints":{"allow":["GET"]}}],"collection":[{"href":"https:\/\/www.toque-musicall.com\/index.php?rest_route=\/wp\/v2\/posts"}],"about":[{"href":"https:\/\/www.toque-musicall.com\/index.php?rest_route=\/wp\/v2\/types\/post"}],"author":[{"embeddable":true,"href":"https:\/\/www.toque-musicall.com\/index.php?rest_route=\/wp\/v2\/users\/1"}],"replies":[{"embeddable":true,"href":"https:\/\/www.toque-musicall.com\/index.php?rest_route=%2Fwp%2Fv2%2Fcomments&post=11234"}],"version-history":[{"count":1,"href":"https:\/\/www.toque-musicall.com\/index.php?rest_route=\/wp\/v2\/posts\/11234\/revisions"}],"predecessor-version":[{"id":11235,"href":"https:\/\/www.toque-musicall.com\/index.php?rest_route=\/wp\/v2\/posts\/11234\/revisions\/11235"}],"wp:attachment":[{"href":"https:\/\/www.toque-musicall.com\/index.php?rest_route=%2Fwp%2Fv2%2Fmedia&parent=11234"}],"wp:term":[{"taxonomy":"category","embeddable":true,"href":"https:\/\/www.toque-musicall.com\/index.php?rest_route=%2Fwp%2Fv2%2Fcategories&post=11234"},{"taxonomy":"post_tag","embeddable":true,"href":"https:\/\/www.toque-musicall.com\/index.php?rest_route=%2Fwp%2Fv2%2Ftags&post=11234"}],"curies":[{"name":"wp","href":"https:\/\/api.w.org\/{rel}","templated":true}]}}