{"id":11239,"date":"2025-06-27T17:27:35","date_gmt":"2025-06-27T20:27:35","guid":{"rendered":"https:\/\/www.toque-musicall.com\/?p=11239"},"modified":"2025-07-05T17:29:24","modified_gmt":"2025-07-05T20:29:24","slug":"lady-zu-a-noite-vai-chegar-1978","status":"publish","type":"post","link":"https:\/\/www.toque-musicall.com\/?p=11239","title":{"rendered":"Lady Zu &#8211; A Noite Vai Chegar (1978)\u00a0"},"content":{"rendered":"\n<figure class=\"wp-block-image size-large\"><img decoding=\"async\" src=\"https:\/\/blogger.googleusercontent.com\/img\/b\/R29vZ2xl\/AVvXsEhvPCAHTaEb84Yu2Z_Y7dLxjwjjC051tCKKoQHVpRn5wRlW4IslsuX0WvhK0QK79R2qSa8ifcsAsENU04ZrQEkohKrvdfEFcJBNjeHmXS0oZtQRfgSuyeLnLS2uXWex-6gfDrwrSAtmCVty-J5MRrtO95Gwvmgusia3Ido_fdiyd12zW7wfz5gLVZCuhmxk\/w640-h624\/Capturar.JPG\" alt=\"\"\/><\/figure>\n\n\n\n<figure class=\"wp-block-image size-large\"><img decoding=\"async\" src=\"https:\/\/blogger.googleusercontent.com\/img\/b\/R29vZ2xl\/AVvXsEgz8PmkwbDwgrqpkBqvXtRw0kIhgdLqN7KbgjOBwogGHzz8zU-Zs0_QQPoZ7M5tEA2ZmvW0qNoqjcz5N75mYWhtoHRl6jcwhCCHMden9UCWISW3_FbO-HIlEYviKE8DvJP_V20Usg6nBCNfN3S4hlhrmouHYHGaeegMu9J2J76_7HOmej2BgmY9dQ_WmCGB\/w640-h634\/Capturarb.JPG\" alt=\"\"\/><\/figure>\n\n\n<div class=\"separator\">E mudando de assunto, mas no mesmo assunto, agora vamos dan\u00e7ar&#8230; Aqui a Rainha das Discotecas, Lady Zu, como passou a ser conhecida. Essa cantora surgiu na segunda metade dos anos 70, quando ent\u00e3o acontecia a febre internacional das discotecas. A moda eram as danceterias e por aqui n\u00e3o foi diferente. \u00c9 nesse cen\u00e1rio que aparece o compacto de estreia de Lady Zu, trazendo duas m\u00fasicas das quais uma era &#8220;A noite vai chegar&#8221;, que chamou a aten\u00e7\u00e3o da produ\u00e7\u00e3o da Rede Globo, que incluiu a m\u00fasica na trilha de sua nova novela, &#8220;Sem len\u00e7o , sem documento&#8221;. O que fez s\u00f3 amplificar o sucesso do hit e deste abrir as portas \u00e0 cantora para seu primeiro disco, lan\u00e7ado no mesmo ano e usando o sucesso como t\u00edtulo do \u00e1lbum. Dentro dessa atmosfera &#8216;dancing&#8217; o lp \u00e9 uma festa, com direito, com direito tamb\u00e9m as &#8216;lentas&#8217;. Pena n\u00e3o terem incluido a faixa do lado B do compacto, &#8220;Eu prefiro dan\u00e7ar&#8221;, que tem uma pegada muito boa, quase roqueira. O \u00e1lbum, no geral, \u00e9 mesmo muito bom e n\u00e3o foi atoa que mereceu uma reedi\u00e7\u00e3o nos tempos atuais. Confiram&#8230;<\/div>\n<div class=\"separator\">\u00a0<\/div>\n<div class=\"separator\">novidades<\/div>\n<div class=\"separator\">amando voc\u00ea<\/div>\n<div class=\"separator\">esque\u00e7a-me<\/div>\n<div class=\"separator\">n\u00e3o deu em nada<\/div>\n<div class=\"separator\">n\u00e3o fique preocupado<\/div>\n<div class=\"separator\">a noite vai chegar<\/div>\n<div class=\"separator\">com sabor<\/div>\n<div class=\"separator\">me d\u00ea mais carinho<\/div>\n<div class=\"separator\">s\u00f3 voc\u00ea (por voc\u00ea, sem voc\u00ea)<\/div>\n<div class=\"separator\">eu queria falar com voc\u00ea<\/div>\n<div class=\"separator\">lady \u00e9 meu nome<\/div>\n<div class=\"separator\">solu\u00e7\u00e3o<\/div>\n<div class=\"separator\">\u00a0<\/div>\n<div class=\"separator\">\u00a0<\/div>\n<div class=\"separator\">.<\/div>\n<div class=\"separator\">\u00a0<\/div>","protected":false},"excerpt":{"rendered":"<p>E mudando de assunto, mas no mesmo assunto, agora vamos dan\u00e7ar&#8230; Aqui a Rainha das Discotecas, Lady Zu, como passou a ser conhecida. Essa cantora surgiu na segunda metade dos anos 70, quando ent\u00e3o acontecia a febre internacional das discotecas. &hellip; <a href=\"https:\/\/www.toque-musicall.com\/?p=11239\">Continue lendo <span class=\"meta-nav\">&rarr;<\/span><\/a><\/p>\n","protected":false},"author":1,"featured_media":0,"comment_status":"closed","ping_status":"closed","sticky":false,"template":"","format":"standard","meta":{"footnotes":""},"categories":[1],"tags":[5992,3012],"class_list":["post-11239","post","type-post","status-publish","format-standard","hentry","category-sem-categoria","tag-lady-zu","tag-selo-philips"],"_links":{"self":[{"href":"https:\/\/www.toque-musicall.com\/index.php?rest_route=\/wp\/v2\/posts\/11239","targetHints":{"allow":["GET"]}}],"collection":[{"href":"https:\/\/www.toque-musicall.com\/index.php?rest_route=\/wp\/v2\/posts"}],"about":[{"href":"https:\/\/www.toque-musicall.com\/index.php?rest_route=\/wp\/v2\/types\/post"}],"author":[{"embeddable":true,"href":"https:\/\/www.toque-musicall.com\/index.php?rest_route=\/wp\/v2\/users\/1"}],"replies":[{"embeddable":true,"href":"https:\/\/www.toque-musicall.com\/index.php?rest_route=%2Fwp%2Fv2%2Fcomments&post=11239"}],"version-history":[{"count":1,"href":"https:\/\/www.toque-musicall.com\/index.php?rest_route=\/wp\/v2\/posts\/11239\/revisions"}],"predecessor-version":[{"id":11240,"href":"https:\/\/www.toque-musicall.com\/index.php?rest_route=\/wp\/v2\/posts\/11239\/revisions\/11240"}],"wp:attachment":[{"href":"https:\/\/www.toque-musicall.com\/index.php?rest_route=%2Fwp%2Fv2%2Fmedia&parent=11239"}],"wp:term":[{"taxonomy":"category","embeddable":true,"href":"https:\/\/www.toque-musicall.com\/index.php?rest_route=%2Fwp%2Fv2%2Fcategories&post=11239"},{"taxonomy":"post_tag","embeddable":true,"href":"https:\/\/www.toque-musicall.com\/index.php?rest_route=%2Fwp%2Fv2%2Ftags&post=11239"}],"curies":[{"name":"wp","href":"https:\/\/api.w.org\/{rel}","templated":true}]}}