{"id":1124,"date":"2009-08-08T10:25:00","date_gmt":"2009-08-08T10:25:00","guid":{"rendered":"http:\/\/www.toque-musicall.com\/?p=1124"},"modified":"2009-08-08T10:25:00","modified_gmt":"2009-08-08T10:25:00","slug":"dalto-muito-estranho-1982","status":"publish","type":"post","link":"https:\/\/www.toque-musicall.com\/?p=1124","title":{"rendered":"Dalto &#8211; Muito Estranho (1982)"},"content":{"rendered":"<p><a href=\"http:\/\/4.bp.blogspot.com\/_DSKVEvHtskc\/Sn1SzCxoPyI\/AAAAAAAAFKY\/saC4go_Ywcg\/s1600-h\/dalto+P.JPG\"><img decoding=\"async\" style=\"display:block; margin:0px auto 10px; text-align:center;cursor:pointer; cursor:hand;width: 400px; height: 397px;\" src=\"http:\/\/4.bp.blogspot.com\/_DSKVEvHtskc\/Sn1SzCxoPyI\/AAAAAAAAFKY\/saC4go_Ywcg\/s400\/dalto+P.JPG\" border=\"0\" alt=\"\" id=\"BLOGGER_PHOTO_ID_5367537367767334690\" \/><\/a>Bom dia, meus prezados amigos cultos e ocultos! Hoje, s\u00e1bado, \u00e9 dia de feira do vinil em Belo Horizonte. Fui convidado e n\u00e3o irei faltar. Quem sabe aparece alguma coisa diferente e interessante para eu trazer aqui para o Toque Musical. Desta vez, pretendo fazer um registro do evento e vou publicar aqui para voc\u00ea verem. Quem est\u00e1 na cidade e gosta de m\u00fasica n\u00e3o pode faltar \u00e0 festa. Eu j\u00e1 estou indo, mas n\u00e3o sem antes deixar aqui a postagem do dia.<\/p>\n<div>Hoje iremos com o Dalto, um artista do qual eu gosto muito. Sinto que ele nunca teve seu merecido reconhecimento pela &#8216;cr\u00edtititca&#8217; e os meios de comunica\u00e7\u00e3o como a tv. Isso realmente \u00e9 muito estranho, pois o cara \u00e9 um artista com um p\u00fablico fiel, cheio de composi\u00e7\u00f5es de sucesso, tanto em sua voz quanto na dos mais diversos int\u00e9rpretes. Est\u00e1 na estrada n\u00e3o \u00e9 de hoje. come\u00e7ou como integrante do grupo de rock Os Lobos. &#8220;Muito Estranho (Cuida bem de mim)&#8221; foi seu primeiro lp, lan\u00e7ado em 1982. Um \u00e1lbum bem produzido que trazia al\u00e9m do sucesso, a faixa t\u00edtulo, outro hit j\u00e1 bem conhecido, a m\u00fasica &#8220;Flash Back&#8221;, gravada em compacto ainda nos anos 70. Me parece que a grava\u00e7\u00e3o \u00e9 a mesma do compacto. V\u00e3o conferindo a\u00ed que eu preciso ir&#8230; a feira me espera. T\u00f4 levando um penca de rock&#8217;n&#8217;roll, raridades internacionais que espero, v\u00e3o salvar o dia. Deixa eu ir&#8230;<\/div>\n<div><\/div>\n<div style=\"text-align: center;\">muito estranho (cuida bem de mim)<\/div>\n<div style=\"text-align: center;\">club central<\/div>\n<div style=\"text-align: center;\">falta dizer<\/div>\n<div style=\"text-align: center;\">salto alto<\/div>\n<div style=\"text-align: center;\">relax<\/div>\n<div style=\"text-align: center;\">pernas para o ar<\/div>\n<div style=\"text-align: center;\">pronto pro teu amor<\/div>\n<div style=\"text-align: center;\">bocas fatais<\/div>\n<div style=\"text-align: center;\">flash back<\/div>\n<div style=\"text-align: center;\">rock rouco<\/div>\n<div style=\"text-align: center;\">curta metragem (vinheta final)<\/div>\n<div style=\"text-align: center;\"><\/div>\n<div style=\"text-align: center;\"><\/div>\n","protected":false},"excerpt":{"rendered":"<p>Bom dia, meus prezados amigos cultos e ocultos! Hoje, s\u00e1bado, \u00e9 dia de feira do vinil em Belo Horizonte. Fui convidado e n\u00e3o irei faltar. Quem sabe aparece alguma coisa diferente e interessante para eu trazer aqui para o Toque &hellip; <a href=\"https:\/\/www.toque-musicall.com\/?p=1124\">Continue lendo <span class=\"meta-nav\">&rarr;<\/span><\/a><\/p>\n","protected":false},"author":1,"featured_media":0,"comment_status":"open","ping_status":"closed","sticky":false,"template":"","format":"standard","meta":{"footnotes":""},"categories":[739],"tags":[],"class_list":["post-1124","post","type-post","status-publish","format-standard","hentry","category-dalto"],"_links":{"self":[{"href":"https:\/\/www.toque-musicall.com\/index.php?rest_route=\/wp\/v2\/posts\/1124","targetHints":{"allow":["GET"]}}],"collection":[{"href":"https:\/\/www.toque-musicall.com\/index.php?rest_route=\/wp\/v2\/posts"}],"about":[{"href":"https:\/\/www.toque-musicall.com\/index.php?rest_route=\/wp\/v2\/types\/post"}],"author":[{"embeddable":true,"href":"https:\/\/www.toque-musicall.com\/index.php?rest_route=\/wp\/v2\/users\/1"}],"replies":[{"embeddable":true,"href":"https:\/\/www.toque-musicall.com\/index.php?rest_route=%2Fwp%2Fv2%2Fcomments&post=1124"}],"version-history":[{"count":0,"href":"https:\/\/www.toque-musicall.com\/index.php?rest_route=\/wp\/v2\/posts\/1124\/revisions"}],"wp:attachment":[{"href":"https:\/\/www.toque-musicall.com\/index.php?rest_route=%2Fwp%2Fv2%2Fmedia&parent=1124"}],"wp:term":[{"taxonomy":"category","embeddable":true,"href":"https:\/\/www.toque-musicall.com\/index.php?rest_route=%2Fwp%2Fv2%2Fcategories&post=1124"},{"taxonomy":"post_tag","embeddable":true,"href":"https:\/\/www.toque-musicall.com\/index.php?rest_route=%2Fwp%2Fv2%2Ftags&post=1124"}],"curies":[{"name":"wp","href":"https:\/\/api.w.org\/{rel}","templated":true}]}}