{"id":11243,"date":"2025-06-29T19:26:13","date_gmt":"2025-06-29T22:26:13","guid":{"rendered":"https:\/\/www.toque-musicall.com\/?p=11243"},"modified":"2025-07-05T19:28:22","modified_gmt":"2025-07-05T22:28:22","slug":"musicas-de-pacifico-mascarenhas-belo-horizonte-que-eu-gosto-2005","status":"publish","type":"post","link":"https:\/\/www.toque-musicall.com\/?p=11243","title":{"rendered":"M\u00fasicas de Pac\u00edfico Mascarenhas &#8211; Belo Horizonte Que Eu Gosto (2005)"},"content":{"rendered":"\n<figure class=\"wp-block-image size-large\"><img decoding=\"async\" src=\"https:\/\/blogger.googleusercontent.com\/img\/b\/R29vZ2xl\/AVvXsEgE8rlmfXAjQk8TMHDzFXtXNpvhTAXjZJ83vt43ieh7BvOBkI9MX3kqkn-lObapUDIAbQwryJ5K6oqCl77KuKVkC6BkfmFds3_Y3XS-62fblVfv-LsxIpuHDU-ZqUPondRMOuCkt9yW0w6x_-j8MwezmKe2eA_W27jsacnKThpKhBChZCl5tKYGIAfleSsE\/w640-h634\/Capturar.JPG\" alt=\"\"\/><\/figure>\n\n\n\n<figure class=\"wp-block-image size-large\"><img decoding=\"async\" src=\"https:\/\/blogger.googleusercontent.com\/img\/b\/R29vZ2xl\/AVvXsEg3Wjz_JRyYaGJ98dGMhVudiiRdfibqNYTjHjJU506c8eKwV5excaCi5_MbpsAnWSZAPXF52YT3QQhqASbm9cpTdP3loOCSSbJIfsdXHdCsCZzeyoAFk5rX7zN3TyqrrVedn5uPwA7H4M0LSSgHtf52pDfI_oWD0cuhVsTI3vJl9fSEwmND5HxQa0azH9rZ\/w638-h640\/Capturarc.JPG\" alt=\"\"\/><\/figure>\n\n\n\n<figure class=\"wp-block-image size-large\"><img decoding=\"async\" src=\"https:\/\/blogger.googleusercontent.com\/img\/b\/R29vZ2xl\/AVvXsEiQDd2g9l9TxFUjekI3LHyzXa4pAcH_GUMwnSLxwZVRKsvpamARVS77VZWFPytq4xFxwawoGehuQ-sn78p0nekIFGtpdul6bYkUgKFJGUpYx3wp1J48CBvRHe-F0hmeWh9-tyZJv8Prdy8DcxB-fWPrNyRPg_eW83txxq_K_zPcnhuXCkXY6H8R8M24yq1D\/w640-h558\/Capturarb.JPG\" alt=\"\"\/><\/figure>\n\n\n<div class=\"separator\">Hoje, nossa postagem \u00e9 de um cd, uma produ\u00e7\u00e3o independente, lan\u00e7ada em 2005 e trazendo a m\u00fasica do Pac\u00edfico Mascarenhas, compositor mineiro, que faleceu em abril do ano passado.\u00a0<\/div>\n<div class=\"separator\">&#8220;Belo Horizonte Que Eu Gosto&#8221; \u00e9 um trabalho envolvendo um numeroso time de artistas, int\u00e9pretes e m\u00fasicos que d\u00e3o vida ao repert\u00f3rio com mais de 20 m\u00fasicas que falam de Minas, de Beag\u00e1, do bairrismo&#8230; Por certo, \u00e9 um disco que encanta qualquer belorizontino, mas tamb\u00e9m n\u00e3o deixa de ser surpreendente para qualquer um. Vale muito a pena ouvir&#8230;<\/div>\n<div class=\"separator\">\u00a0<\/div>\n<div class=\"separator\">belo horizonte que eu gosto &#8211; sambacana<\/div>\n<div class=\"separator\">pra\u00e7a da savassi &#8211; paula santoro<\/div>\n<div class=\"separator\">\u00f4nibus colegial &#8211; beto lopes<\/div>\n<div class=\"separator\">belo horizonte de antigamente &#8211; sambacana<\/div>\n<div class=\"separator\">dia sorrindo na savassi &#8211; renato motha<\/div>\n<div class=\"separator\">anos savassi &#8211; gilberto mascarenhas<\/div>\n<div class=\"separator\">minha cidade &#8211; suzana e bob tostes<\/div>\n<div class=\"separator\">foi no minas t\u00eanis clube &#8211; renato motha<\/div>\n<div class=\"separator\">vamos comemorar &#8211; claudinho campos<\/div>\n<div class=\"separator\">o jogo &#8211; marina machado<\/div>\n<div class=\"separator\">espero voc\u00ea em lourdes &#8211; sergio santos<\/div>\n<div class=\"separator\">belo horizonte londres pequim &#8211; renato motha<\/div>\n<div class=\"separator\">programa no domingo &#8211; suzana e bob tostes<\/div>\n<div class=\"separator\">triste horizonte &#8211; renato motha<\/div>\n<div class=\"separator\">di &#8211; marilton borges<\/div>\n<div class=\"separator\">minas gerais &#8211; renato motha<\/div>\n<div class=\"separator\">meus velhos amigos &#8211; gilberto mascarenhas<\/div>\n<div class=\"separator\">um ilustre brasileiro &#8211; renato motha<\/div>\n<div class=\"separator\">andando na bandeirantes &#8211; sergio santos<\/div>\n<div class=\"separator\">vem para o minas &#8211; renato motha<\/div>\n<div class=\"separator\">turma da savassi &#8211; gilberto mascarenhas<\/div>\n<div class=\"separator\">sou do am\u00e9rica &#8211; renato motha<\/div>\n<div class=\"separator\">ao mestre com carinho &#8211; alarme falso<\/div>\n<div class=\"separator\">belo horizonte\u00a0 que eu gosto &#8211; renato motha<\/div>\n<div class=\"separator\">pra\u00e7a da savassi &#8211; pac\u00edfico mascarenhas<\/div>\n<div class=\"separator\">programa de domingo &#8211; affonsinho<\/div>\n<div class=\"separator\">\u00a0<\/div>\n<div class=\"separator\">\u00a0<\/div>\n<div class=\"separator\">.<\/div>","protected":false},"excerpt":{"rendered":"<p>Hoje, nossa postagem \u00e9 de um cd, uma produ\u00e7\u00e3o independente, lan\u00e7ada em 2005 e trazendo a m\u00fasica do Pac\u00edfico Mascarenhas, compositor mineiro, que faleceu em abril do ano passado.\u00a0 &#8220;Belo Horizonte Que Eu Gosto&#8221; \u00e9 um trabalho envolvendo um numeroso &hellip; <a href=\"https:\/\/www.toque-musicall.com\/?p=11243\">Continue lendo <span class=\"meta-nav\">&rarr;<\/span><\/a><\/p>\n","protected":false},"author":1,"featured_media":0,"comment_status":"closed","ping_status":"closed","sticky":false,"template":"","format":"standard","meta":{"footnotes":""},"categories":[1],"tags":[5791,5600],"class_list":["post-11243","post","type-post","status-publish","format-standard","hentry","category-sem-categoria","tag-cds-2","tag-pacifico-mascarenhas"],"_links":{"self":[{"href":"https:\/\/www.toque-musicall.com\/index.php?rest_route=\/wp\/v2\/posts\/11243","targetHints":{"allow":["GET"]}}],"collection":[{"href":"https:\/\/www.toque-musicall.com\/index.php?rest_route=\/wp\/v2\/posts"}],"about":[{"href":"https:\/\/www.toque-musicall.com\/index.php?rest_route=\/wp\/v2\/types\/post"}],"author":[{"embeddable":true,"href":"https:\/\/www.toque-musicall.com\/index.php?rest_route=\/wp\/v2\/users\/1"}],"replies":[{"embeddable":true,"href":"https:\/\/www.toque-musicall.com\/index.php?rest_route=%2Fwp%2Fv2%2Fcomments&post=11243"}],"version-history":[{"count":1,"href":"https:\/\/www.toque-musicall.com\/index.php?rest_route=\/wp\/v2\/posts\/11243\/revisions"}],"predecessor-version":[{"id":11244,"href":"https:\/\/www.toque-musicall.com\/index.php?rest_route=\/wp\/v2\/posts\/11243\/revisions\/11244"}],"wp:attachment":[{"href":"https:\/\/www.toque-musicall.com\/index.php?rest_route=%2Fwp%2Fv2%2Fmedia&parent=11243"}],"wp:term":[{"taxonomy":"category","embeddable":true,"href":"https:\/\/www.toque-musicall.com\/index.php?rest_route=%2Fwp%2Fv2%2Fcategories&post=11243"},{"taxonomy":"post_tag","embeddable":true,"href":"https:\/\/www.toque-musicall.com\/index.php?rest_route=%2Fwp%2Fv2%2Ftags&post=11243"}],"curies":[{"name":"wp","href":"https:\/\/api.w.org\/{rel}","templated":true}]}}