{"id":11246,"date":"2025-07-01T18:53:07","date_gmt":"2025-07-01T21:53:07","guid":{"rendered":"https:\/\/www.toque-musicall.com\/?p=11246"},"modified":"2025-07-08T19:11:33","modified_gmt":"2025-07-08T22:11:33","slug":"os-populares-populares-70-1970","status":"publish","type":"post","link":"https:\/\/www.toque-musicall.com\/?p=11246","title":{"rendered":"Os Populares &#8211; Populares 70 (1970)"},"content":{"rendered":"\n<figure class=\"wp-block-image size-large\"><img decoding=\"async\" src=\"https:\/\/blogger.googleusercontent.com\/img\/b\/R29vZ2xl\/AVvXsEhp3lCbtK90EHtYBb7mbssuIypw3TIjAFpZLxclbhuYDxNNd0Czf8QIS-JuH0pICmTJv_W1Qd5ZKI2-vEeA8z1pLj2k6eXE-CORmKnHMGE00E1mGvBisOuyoSM6hJV3Z1D9N6LorHIIOkofojKKgnqBbShZXBONV4do8fnBPU-tc7Bl_sBOss81TYdSvWXM\/w640-h634\/Capturar.JPG\" alt=\"\"\/><\/figure>\n\n\n\n<figure class=\"wp-block-image size-large\"><img decoding=\"async\" src=\"https:\/\/blogger.googleusercontent.com\/img\/b\/R29vZ2xl\/AVvXsEiVfH7Uuvq_rJLWgmUE0bdv4t9lIgJyB7O89AFvvqA0jm0uc6sr3eajUuL-MIjaum2NlSDlgNaItbBrviYNhtw-dEa3d9bjAeudfZRJoNwMahbscbYDK85mzsyb3Kx0ZYzm-YL93N54lpzNIVH4U3vLMOOxosiRRpx2J8grLoF08R89h_iaOXvpS-wlVg4Q\/w640-h640\/Capturarf.JPG\" alt=\"\"\/><\/figure>\n\n\n<div class=\"separator\">Nos primeiros anos do Toque Musical chegamos a postar v\u00e1rios discos do grupo instrumental Os Populares lan\u00e7ados nos anos 60. Eis que de repente nos aparece outro, agora o de 1970.\u00a0<\/div>\n<div class=\"separator\">Os Populares surgiram em 1967 no Rio de Janeiro, de uma dissidencia do The Pop&#8217;s. O guitarrista J. Cesar, por sinal um dos melhores do Brasil, resolveu criar o grupo em paralelo com os Pop&#8217;s que ainda continuavam a existir.Eles se lan\u00e7aram em um compacto com m\u00fasicas de Natal, hoje muito raro. O grupo se apresentou em diversos programas de r\u00e1dio e TV, gravaram alguns discos e atuaram at\u00e9 por volta de 1978, conseguindo alguma popularidade. Seu estilo era a basicamente instrumental, bem na linha &#8216;conjunto de beira de piscina e bailes&#8217;. N\u00f3s aqui do Toque Musical gostamos bastante e recomendamos&#8230;<\/div>\n<div class=\"separator\">\u00a0<\/div>\n<div class=\"separator\">asa branca &#8211; kalu<\/div>\n<div class=\"separator\">tema de amor de romeu e julieta &#8211; exodus<\/div>\n<div class=\"separator\">n\u00e3o quero ver voc\u00ca triste assim<\/div>\n<div class=\"separator\">o saci perer\u00ea<\/div>\n<div class=\"separator\">zingara<\/div>\n<div class=\"separator\">rain drops keep falling on my heard<\/div>\n<div class=\"separator\">bai\u00e3o &#8211; assum preto &#8211; para\u00edba<\/div>\n<div class=\"separator\">here there and every where<\/div>\n<div class=\"separator\">trevo de quatro folhas<\/div>\n<div class=\"separator\">s\u00f3 estou manjando<\/div>\n<div class=\"separator\">beleza das cores<\/div>\n<div class=\"separator\">\u00a0<\/div>\n<div class=\"separator\">\u00a0<\/div>\n<div class=\"separator\">.<\/div>\n<div class=\"separator\">\u00a0<\/div>","protected":false},"excerpt":{"rendered":"<p>Nos primeiros anos do Toque Musical chegamos a postar v\u00e1rios discos do grupo instrumental Os Populares lan\u00e7ados nos anos 60. Eis que de repente nos aparece outro, agora o de 1970.\u00a0 Os Populares surgiram em 1967 no Rio de Janeiro, &hellip; <a href=\"https:\/\/www.toque-musicall.com\/?p=11246\">Continue lendo <span class=\"meta-nav\">&rarr;<\/span><\/a><\/p>\n","protected":false},"author":1,"featured_media":0,"comment_status":"closed","ping_status":"closed","sticky":false,"template":"","format":"standard","meta":{"footnotes":""},"categories":[1],"tags":[5994,3061],"class_list":["post-11246","post","type-post","status-publish","format-standard","hentry","category-sem-categoria","tag-os-populares","tag-selo-rca-victor"],"_links":{"self":[{"href":"https:\/\/www.toque-musicall.com\/index.php?rest_route=\/wp\/v2\/posts\/11246","targetHints":{"allow":["GET"]}}],"collection":[{"href":"https:\/\/www.toque-musicall.com\/index.php?rest_route=\/wp\/v2\/posts"}],"about":[{"href":"https:\/\/www.toque-musicall.com\/index.php?rest_route=\/wp\/v2\/types\/post"}],"author":[{"embeddable":true,"href":"https:\/\/www.toque-musicall.com\/index.php?rest_route=\/wp\/v2\/users\/1"}],"replies":[{"embeddable":true,"href":"https:\/\/www.toque-musicall.com\/index.php?rest_route=%2Fwp%2Fv2%2Fcomments&post=11246"}],"version-history":[{"count":1,"href":"https:\/\/www.toque-musicall.com\/index.php?rest_route=\/wp\/v2\/posts\/11246\/revisions"}],"predecessor-version":[{"id":11247,"href":"https:\/\/www.toque-musicall.com\/index.php?rest_route=\/wp\/v2\/posts\/11246\/revisions\/11247"}],"wp:attachment":[{"href":"https:\/\/www.toque-musicall.com\/index.php?rest_route=%2Fwp%2Fv2%2Fmedia&parent=11246"}],"wp:term":[{"taxonomy":"category","embeddable":true,"href":"https:\/\/www.toque-musicall.com\/index.php?rest_route=%2Fwp%2Fv2%2Fcategories&post=11246"},{"taxonomy":"post_tag","embeddable":true,"href":"https:\/\/www.toque-musicall.com\/index.php?rest_route=%2Fwp%2Fv2%2Ftags&post=11246"}],"curies":[{"name":"wp","href":"https:\/\/api.w.org\/{rel}","templated":true}]}}