{"id":1125,"date":"2009-08-07T04:10:00","date_gmt":"2009-08-07T04:10:00","guid":{"rendered":"http:\/\/www.toque-musicall.com\/?p=1125"},"modified":"2009-08-07T04:10:00","modified_gmt":"2009-08-07T04:10:00","slug":"eta-nois-1984","status":"publish","type":"post","link":"https:\/\/www.toque-musicall.com\/?p=1125","title":{"rendered":"\u00cata N\u00f3is! (1984)"},"content":{"rendered":"<p><a href=\"http:\/\/4.bp.blogspot.com\/_DSKVEvHtskc\/Snupjq2gcwI\/AAAAAAAAFKA\/Fkd9Y2SA7Jw\/s1600-h\/eta+nois+P.JPG\"><img decoding=\"async\" style=\"display: block; margin: 0px auto 10px; text-align: center; cursor: pointer; width: 400px; height: 400px;\" src=\"http:\/\/4.bp.blogspot.com\/_DSKVEvHtskc\/Snupjq2gcwI\/AAAAAAAAFKA\/Fkd9Y2SA7Jw\/s400\/eta+nois+P.JPG\" alt=\"\" id=\"BLOGGER_PHOTO_ID_5367069811205501698\" border=\"0\" \/><\/a>Muito bem, hoje eu estou come\u00e7ando mais cedo que de costume. Ali\u00e1s, a essa hora eu deveria estar dormindo, mas o sono n\u00e3o veio eu fui ficando&#8230; S\u00e3o agora quase 1:30 da manh\u00e3. Acredito que esta postagem s\u00f3 estar\u00e1 finalizada daqui a algumas horas. Sem pressa&#8230; Vou sair agora, dar um &#8216;tapa na on\u00e7a&#8217; e volto, tomo uma dose de Dranbuie, fico babando de sono e vou dormir. \u00cata n\u00f3is! &#8211; pausa de seis horas&#8230;<\/p>\n<div>Retomando&#8230; onde parei? Ah, sim, estamos na postagem do dia e hoje vai ser a vez dos independentes. Vou trazendo para voc\u00eas este disquinho que \u00e9 uma del\u00edcia de se ouvir. Um \u00e1lbum produzido por uma turminha de artistas singulares. Gente que fez a minha cabe\u00e7a com sua m\u00fasica simples, direta e encantadora. Gente que sempre batalhou para levar ao p\u00fablico uma arte musical rica de viv\u00eancias, acima do convencional. Uma outra m\u00fasica que se faz no Brasil. <\/div>\n<div>&#8220;\u00cata N\u00f3is!&#8221; \u00e9 o que se pode chamar de um \u00e1lbum cooperativo, envolvendo uma turma de artistas oriundos de v\u00e1rios cantos do Brasil, ligados pela mesma emo\u00e7\u00e3o e esp\u00edrito musical. Uma produ\u00e7\u00e3o singela no sentido da pureza, mas de uma extrema sensibilidade e muitas qualidades, que se destacou entre tantos discos lan\u00e7ados naqueles (medonhos) anos 80. Fazem parte deste trabalho a dupla Luli e Lucina, que eu j\u00e1 apresentei aqui em pelo menos uns dois discos (maravilhosas). S\u00e3o elas que encabe\u00e7am o projeto que traz tamb\u00e9m os irm\u00e3os Jean e Paulo Garfunkel, outra dupla talentosa pouco divulgada al\u00e9m da estratosfera paulista. Tem o mato-grossense zen, Ben\u00e9 Fonteles, que \u00e9 uma j\u00f3ia rara. A compositora sergipana Jo\u00e9sia Ramos, criadora do &#8220;forr\u00f3 rabecado&#8221;que \u00e9 um misto de suas composi\u00e7\u00f5es com a dos mestres da cultura popular nordestina. Tem o grupo paulista de Araraquara, Flor do Campo (do qual eu n\u00e3o sei nada, me desculpem!). Tem tamb\u00e9m a Marta Strauch (seria a artista pl\u00e1stica carioca?), parceira aqui do indom\u00e1vel e saudoso poeta Paulo Leminski na faixa &#8220;Moto Cont\u00ednuo&#8221;. Al\u00e9m dos titulares, o disco ainda traz como convidado especial, Ney Matogrosso, cantando a faixa que d\u00e1 nome ao lp. N\u00e3o bastasse as ilustres figuras, ainda temos nos bastidores nomes como Natan Marques, Milton Edilberto, Murilo Fonseca e outros que voc\u00eas poder\u00e3o conferir ao fazerem este contato quase medi\u00fanico pelo Rapidshare \ud83d\ude42 Confiram&#8230;<\/div>\n<div><\/div>\n<div style=\"text-align: center;\">mazzaropi &#8211; jean e paulo garfunkel<\/div>\n<div style=\"text-align: center;\">lira mulata &#8211; luli e lucina<\/div>\n<div style=\"text-align: center;\">amor roxo &#8211; jo\u00e9sia<\/div>\n<div style=\"text-align: center;\">lua pequena &#8211; flor do campo<\/div>\n<div style=\"text-align: center;\">moto cont\u00ednuo &#8211; marta strauch<\/div>\n<div style=\"text-align: center;\">\u00eata n\u00f3is! &#8211; ney matogrosso e luli e lucina<\/div>\n<div style=\"text-align: center;\">gosto que eu gosto &#8211; jean e paulo garfunkel<\/div>\n<div style=\"text-align: center;\">barcos e beijos &#8211; jo\u00e9sia<\/div>\n<div style=\"text-align: center;\">dentro da nuvem &#8211; ben\u00e9 fonteles<\/div>\n<div style=\"text-align: center;\">viola apocal\u00edptica &#8211; flor do campo<\/div>\n<div style=\"text-align: center;\"><\/div>\n<div style=\"text-align: center;\"><\/div>\n","protected":false},"excerpt":{"rendered":"<p>Muito bem, hoje eu estou come\u00e7ando mais cedo que de costume. Ali\u00e1s, a essa hora eu deveria estar dormindo, mas o sono n\u00e3o veio eu fui ficando&#8230; S\u00e3o agora quase 1:30 da manh\u00e3. Acredito que esta postagem s\u00f3 estar\u00e1 finalizada &hellip; <a href=\"https:\/\/www.toque-musicall.com\/?p=1125\">Continue lendo <span class=\"meta-nav\">&rarr;<\/span><\/a><\/p>\n","protected":false},"author":1,"featured_media":0,"comment_status":"open","ping_status":"closed","sticky":false,"template":"","format":"standard","meta":{"footnotes":""},"categories":[1400,1401,1402,1398,1399,1403,1397,25],"tags":[],"class_list":["post-1125","post","type-post","status-publish","format-standard","hentry","category-bene-fonteles","category-conjunto-flor-do-campo","category-eta-nois","category-jean-e-paulo-garfunkel","category-joesia","category-luli-e-lucina","category-marta-strauch","category-selo-independente"],"_links":{"self":[{"href":"https:\/\/www.toque-musicall.com\/index.php?rest_route=\/wp\/v2\/posts\/1125","targetHints":{"allow":["GET"]}}],"collection":[{"href":"https:\/\/www.toque-musicall.com\/index.php?rest_route=\/wp\/v2\/posts"}],"about":[{"href":"https:\/\/www.toque-musicall.com\/index.php?rest_route=\/wp\/v2\/types\/post"}],"author":[{"embeddable":true,"href":"https:\/\/www.toque-musicall.com\/index.php?rest_route=\/wp\/v2\/users\/1"}],"replies":[{"embeddable":true,"href":"https:\/\/www.toque-musicall.com\/index.php?rest_route=%2Fwp%2Fv2%2Fcomments&post=1125"}],"version-history":[{"count":0,"href":"https:\/\/www.toque-musicall.com\/index.php?rest_route=\/wp\/v2\/posts\/1125\/revisions"}],"wp:attachment":[{"href":"https:\/\/www.toque-musicall.com\/index.php?rest_route=%2Fwp%2Fv2%2Fmedia&parent=1125"}],"wp:term":[{"taxonomy":"category","embeddable":true,"href":"https:\/\/www.toque-musicall.com\/index.php?rest_route=%2Fwp%2Fv2%2Fcategories&post=1125"},{"taxonomy":"post_tag","embeddable":true,"href":"https:\/\/www.toque-musicall.com\/index.php?rest_route=%2Fwp%2Fv2%2Ftags&post=1125"}],"curies":[{"name":"wp","href":"https:\/\/api.w.org\/{rel}","templated":true}]}}