{"id":11250,"date":"2025-07-03T19:14:00","date_gmt":"2025-07-03T22:14:00","guid":{"rendered":"https:\/\/www.toque-musicall.com\/?p=11250"},"modified":"2025-07-08T19:15:49","modified_gmt":"2025-07-08T22:15:49","slug":"j-rocha-1959","status":"publish","type":"post","link":"https:\/\/www.toque-musicall.com\/?p=11250","title":{"rendered":"J. Rocha (1959)"},"content":{"rendered":"\n<figure class=\"wp-block-image size-large\"><img decoding=\"async\" src=\"https:\/\/blogger.googleusercontent.com\/img\/b\/R29vZ2xl\/AVvXsEhWdpSfi3dxHez4YVyKOYFSyMo_bEGJ6FwT8bp9IoibAaJVU-pJGwGSGdc5tfBlfCrEN7VzU1t1_MJFG8np7Cwwbuf3Ri8brP-9QDpnRUSLPP2Dj9Z3YkhUbvu8V7-JLsFJJs8YrxkaUkK1kMEdyJ7fTe7uD2KohTrBFQNR_4TWQJy_cEXwtj1dKi9ZiwQ4\/w640-h626\/Capturar.JPG\" alt=\"\"\/><\/figure>\n\n\n\n<figure class=\"wp-block-image size-large\"><img decoding=\"async\" src=\"https:\/\/blogger.googleusercontent.com\/img\/b\/R29vZ2xl\/AVvXsEjatew-QzgYcB93bsMZHvXdvdpkCOjKogBtAVRDR6iroc331ifn_HR76qYyvSn4jaGPYl3n6-ezmhNrlwRAOjcwQ9jrnMGglVxAAR1NjVn5LpgnGOE7GY7I2U-pRm340tvQzIeoa8FpAa8Y13fbKbg94wpjPFrLG9awRyAFLsJFApqB2jrqmZRoXvmb_OUS\/w640-h630\/Capturarb.JPG\" alt=\"\"\/><\/figure>\n\n\n<div class=\"separator\">H\u00e1 pouco tempo atr\u00e1s postamos um disco deste artista, J. Rocha, at\u00e9 ent\u00e3o um tanto obscuro para n\u00f3s. Mas logo percebemos que havia um outro disco gravado por ele pela mesma gravadora, Rosenblit\/Selo Mocambo e ao que tudo indica, o primeiro e no qual temos na contracapa um texto de apresenta\u00e7\u00e3o do artista. Jos\u00e9 Magalh\u00e3es Rocha, multinstrumentista das cordas e como bom baiano foi um pioneiro na eletrifica\u00e7\u00e3o em seu viol\u00e3o, que mais fazia lembrar uma guitarra. E nessa sonoridade ele passeia neste lp, pelo bai\u00e3o, jazz, blues, bolero, samba&#8230; e claro, feito para dan\u00e7ar. \ud83d\ude42<\/div>\n<div class=\"separator\">\u00a0<\/div>\n<div class=\"separator\">mexe mexe<\/div>\n<div class=\"separator\">eliana<\/div>\n<div class=\"separator\">midnight masquerade<\/div>\n<div class=\"separator\">czaradas de monti<\/div>\n<div class=\"separator\">dan\u00e7a do machucado<\/div>\n<div class=\"separator\">saudoso<\/div>\n<div class=\"separator\">mister sandman<\/div>\n<div class=\"separator\">capricho<\/div>\n<div class=\"separator\">\u00a0<\/div>\n<div class=\"separator\">\u00a0<\/div>\n<div class=\"separator\">.<\/div>","protected":false},"excerpt":{"rendered":"<p>H\u00e1 pouco tempo atr\u00e1s postamos um disco deste artista, J. Rocha, at\u00e9 ent\u00e3o um tanto obscuro para n\u00f3s. Mas logo percebemos que havia um outro disco gravado por ele pela mesma gravadora, Rosenblit\/Selo Mocambo e ao que tudo indica, o &hellip; <a href=\"https:\/\/www.toque-musicall.com\/?p=11250\">Continue lendo <span class=\"meta-nav\">&rarr;<\/span><\/a><\/p>\n","protected":false},"author":1,"featured_media":0,"comment_status":"closed","ping_status":"closed","sticky":false,"template":"","format":"standard","meta":{"footnotes":""},"categories":[1],"tags":[5877,3076],"class_list":["post-11250","post","type-post","status-publish","format-standard","hentry","category-sem-categoria","tag-j-rocha","tag-selo-mocambo"],"_links":{"self":[{"href":"https:\/\/www.toque-musicall.com\/index.php?rest_route=\/wp\/v2\/posts\/11250","targetHints":{"allow":["GET"]}}],"collection":[{"href":"https:\/\/www.toque-musicall.com\/index.php?rest_route=\/wp\/v2\/posts"}],"about":[{"href":"https:\/\/www.toque-musicall.com\/index.php?rest_route=\/wp\/v2\/types\/post"}],"author":[{"embeddable":true,"href":"https:\/\/www.toque-musicall.com\/index.php?rest_route=\/wp\/v2\/users\/1"}],"replies":[{"embeddable":true,"href":"https:\/\/www.toque-musicall.com\/index.php?rest_route=%2Fwp%2Fv2%2Fcomments&post=11250"}],"version-history":[{"count":1,"href":"https:\/\/www.toque-musicall.com\/index.php?rest_route=\/wp\/v2\/posts\/11250\/revisions"}],"predecessor-version":[{"id":11251,"href":"https:\/\/www.toque-musicall.com\/index.php?rest_route=\/wp\/v2\/posts\/11250\/revisions\/11251"}],"wp:attachment":[{"href":"https:\/\/www.toque-musicall.com\/index.php?rest_route=%2Fwp%2Fv2%2Fmedia&parent=11250"}],"wp:term":[{"taxonomy":"category","embeddable":true,"href":"https:\/\/www.toque-musicall.com\/index.php?rest_route=%2Fwp%2Fv2%2Fcategories&post=11250"},{"taxonomy":"post_tag","embeddable":true,"href":"https:\/\/www.toque-musicall.com\/index.php?rest_route=%2Fwp%2Fv2%2Ftags&post=11250"}],"curies":[{"name":"wp","href":"https:\/\/api.w.org\/{rel}","templated":true}]}}