{"id":11254,"date":"2025-07-06T20:38:26","date_gmt":"2025-07-06T23:38:26","guid":{"rendered":"https:\/\/www.toque-musicall.com\/?p=11254"},"modified":"2025-07-13T18:03:40","modified_gmt":"2025-07-13T21:03:40","slug":"maria-lucia-godoy-e-a-cancao-popular-brasileira-e-napolitana-1979","status":"publish","type":"post","link":"https:\/\/www.toque-musicall.com\/?p=11254","title":{"rendered":"Maria L\u00facia Godoy &#8211; E A Can\u00e7\u00e3o Popular Brasileira E Napolitana (1979)\u00a0"},"content":{"rendered":"\n<figure class=\"wp-block-image size-large\"><img decoding=\"async\" src=\"https:\/\/blogger.googleusercontent.com\/img\/b\/R29vZ2xl\/AVvXsEjaQu85m3FV_3clQIx9zd2UWyLYYPAgEBdqpJYD6HrMkJamu5I0TXB-oIIL-HEIvpK7shZV-e6Lm8t9J3MYfFNc7GMBAj3w0qmuhatub2ipTncSnQ_RrqExIbj2zid2OaZArjQCcxqT_rRkZOHPBGakKxWYSI3L-ssnFbaC4sEbg_GstI7AYicJLUBKiRfX\/w628-h640\/Capturar.JPG\" alt=\"\"\/><\/figure>\n\n\n\n<figure class=\"wp-block-image size-large\"><img decoding=\"async\" src=\"https:\/\/blogger.googleusercontent.com\/img\/b\/R29vZ2xl\/AVvXsEgNfLNEroHleWnpT9sQRn89xtEFRhimLHfg_wMxf5zj5_0VuMCk81eFuAVuNGgD77qzpkWCXnxNvc-e9BJu_FhKByKZGYTiCXy0vREHzCwH2Jhg0YtcpfuUkL7D3Ob87dvwBUE60NfGaN8X7xhvj0z3qbEGz9m7Bck3EscvdYfivDtYQaiCt8HweNyM8d9u\/w620-h640\/Capturarb.JPG\" alt=\"\"\/><\/figure>\n\n\n<div class=\"separator\">Hoje nossa postagem \u00e9 dedicada \u00e0 cantora l\u00edrica Maria L\u00facia Godoy, artista que j\u00e1 apresentamos aqui por outras vezes. Centen\u00e1ria, faleceu no dia 16 de maio deste ano, em Belo Horizonte, onde residia.<\/div>\n<div class=\"separator\">Aqui temos um disco que ela gravou, lan\u00e7ado pela Philips em 1979. Um \u00e1lbum dos mais interessantes onde a cantora interpreta can\u00e7\u00f5es populares. No caso, s\u00e3o m\u00fasicas populares brasileira e napolitana. O disco se divede entre esses dois momentos. O lado A \u00e9 dedicado a can\u00e7\u00e3o brasileira, com arranjos e reg\u00eancias do maestro Gaya. O lado B s\u00e3o can\u00e7\u00f5es italianas, com arranjos e reg\u00eancias do maestro Francisco Mignone. Um trabalho realmente muito bonito.<\/div>\n<div class=\"separator\">\u00a0<\/div>\n<div class=\"separator\">sabi\u00e1<\/div>\n<div class=\"separator\">casinha pequenina<\/div>\n<div class=\"separator\">fiz a cama na varanda<\/div>\n<div class=\"separator\">\u00e9 a ti flor do c\u00e9u<\/div>\n<div class=\"separator\">quem sabe<\/div>\n<div class=\"separator\">travessia<\/div>\n<div class=\"separator\">torna a surriento<\/div>\n<div class=\"separator\">dicitencello vuie<\/div>\n<div class=\"separator\">marechiare<\/div>\n<div class=\"separator\">core &#8216;ngrato<\/div>\n<div class=\"separator\">&#8216;a vucchella<\/div>\n<div class=\"separator\">\u00a0<\/div>\n<div class=\"separator\">\u00a0<\/div>\n<div class=\"separator\">.<\/div>\n<div class=\"separator\">\u00a0<\/div>\n<div class=\"separator\">\u00a0<\/div>","protected":false},"excerpt":{"rendered":"<p>Hoje nossa postagem \u00e9 dedicada \u00e0 cantora l\u00edrica Maria L\u00facia Godoy, artista que j\u00e1 apresentamos aqui por outras vezes. Centen\u00e1ria, faleceu no dia 16 de maio deste ano, em Belo Horizonte, onde residia. Aqui temos um disco que ela gravou, &hellip; <a href=\"https:\/\/www.toque-musicall.com\/?p=11254\">Continue lendo <span class=\"meta-nav\">&rarr;<\/span><\/a><\/p>\n","protected":false},"author":1,"featured_media":0,"comment_status":"closed","ping_status":"closed","sticky":false,"template":"","format":"standard","meta":{"footnotes":""},"categories":[1],"tags":[3547,3012],"class_list":["post-11254","post","type-post","status-publish","format-standard","hentry","category-sem-categoria","tag-maria-lucia-godoy","tag-selo-philips"],"_links":{"self":[{"href":"https:\/\/www.toque-musicall.com\/index.php?rest_route=\/wp\/v2\/posts\/11254","targetHints":{"allow":["GET"]}}],"collection":[{"href":"https:\/\/www.toque-musicall.com\/index.php?rest_route=\/wp\/v2\/posts"}],"about":[{"href":"https:\/\/www.toque-musicall.com\/index.php?rest_route=\/wp\/v2\/types\/post"}],"author":[{"embeddable":true,"href":"https:\/\/www.toque-musicall.com\/index.php?rest_route=\/wp\/v2\/users\/1"}],"replies":[{"embeddable":true,"href":"https:\/\/www.toque-musicall.com\/index.php?rest_route=%2Fwp%2Fv2%2Fcomments&post=11254"}],"version-history":[{"count":2,"href":"https:\/\/www.toque-musicall.com\/index.php?rest_route=\/wp\/v2\/posts\/11254\/revisions"}],"predecessor-version":[{"id":11258,"href":"https:\/\/www.toque-musicall.com\/index.php?rest_route=\/wp\/v2\/posts\/11254\/revisions\/11258"}],"wp:attachment":[{"href":"https:\/\/www.toque-musicall.com\/index.php?rest_route=%2Fwp%2Fv2%2Fmedia&parent=11254"}],"wp:term":[{"taxonomy":"category","embeddable":true,"href":"https:\/\/www.toque-musicall.com\/index.php?rest_route=%2Fwp%2Fv2%2Fcategories&post=11254"},{"taxonomy":"post_tag","embeddable":true,"href":"https:\/\/www.toque-musicall.com\/index.php?rest_route=%2Fwp%2Fv2%2Ftags&post=11254"}],"curies":[{"name":"wp","href":"https:\/\/api.w.org\/{rel}","templated":true}]}}