{"id":11256,"date":"2025-07-05T12:43:41","date_gmt":"2025-07-05T15:43:41","guid":{"rendered":"https:\/\/www.toque-musicall.com\/?p=11256"},"modified":"2025-07-13T12:45:07","modified_gmt":"2025-07-13T15:45:07","slug":"nema-passaro-livre-1980","status":"publish","type":"post","link":"https:\/\/www.toque-musicall.com\/?p=11256","title":{"rendered":"Nema &#8211; P\u00e1ssaro Livre (1980)"},"content":{"rendered":"\n<figure class=\"wp-block-image size-large\"><img decoding=\"async\" src=\"https:\/\/blogger.googleusercontent.com\/img\/b\/R29vZ2xl\/AVvXsEiSNxZyjD7XwPlv2A1lhNWwIizNfEd_btpQ3PAx1coCnNCR03MOjLluzmNzvqckZtoWIIE-ZKV9VaZimHhvqcBw1doWJ0HveHGqgpaA6oA-Xuq28j0H9mQx5kp46ZIewFo6CWHDRAmuVm1bBWL75bNU4W168_EW_fRafu8BxMR7UBWHh2NheQCHZ4qv8DeO\/w640-h620\/Capturar.JPG\" alt=\"\"\/><\/figure>\n\n\n\n<figure class=\"wp-block-image size-large\"><img decoding=\"async\" src=\"https:\/\/blogger.googleusercontent.com\/img\/b\/R29vZ2xl\/AVvXsEhG4quXdr6rCDmkxkDJtMk7vxNQQr0AwpwX6cEICzmJISE4cQDDtIDWAiZTCm6RHxsuvVITAZ7oiGn1v5XC9nHUM9lm0cJifns0-4oSYaytA4sFhFuDKdHv4cW8GAoKwTHYAap1m-Z0VJoqhAXPySFz8hIa3tX_UKtedR_TgWhAC2BTfGBneIEnEtDfgmV6\/w634-h640\/Capturarb.JPG\" alt=\"\"\/><\/figure>\n\n\n<div class=\"separator\">E aqui temos Nema &#8211; P\u00e1ssaro Livre, disco lan\u00e7ado em 1980 pela RCA Victor. Essa cantora \u00e9 um verdadeiro mist\u00e9rio, n\u00e3o se encontra nada sobre ela . Nenhuma informa\u00e7\u00e3o, nem mesmo algum coment\u00e1rio no Youtube, mas nem neste canal ela aparece com alguma dsa faixas. Realmente um mist\u00e9rio e de se estranhar, visto que o trabalho \u00e9 muito bom, com um excelente repert\u00f3rio. A cantora tamb\u00e9m, n\u00e3o deixa nada a desejar. Muito afinada e uma voz muito agrad\u00e1vel. Para quem n\u00e3o conhece, eis aqui a oportunidade&#8230;<\/div>\n<div class=\"separator\">\u00a0<\/div>\n<div class=\"separator\">gera\u00e7\u00e3o 80<\/div>\n<div class=\"separator\">voe<\/div>\n<div class=\"separator\">de frente pra serra<\/div>\n<div class=\"separator\">sua metade<\/div>\n<div class=\"separator\">p\u00e1ssaro livre (el condor pasa)<\/div>\n<div class=\"separator\">no colo da morena<\/div>\n<div class=\"separator\">at\u00e9 sangrar os dedos<\/div>\n<div class=\"separator\">para lennon e maccartney<\/div>\n<div class=\"separator\">cora\u00e7\u00e3o alado<\/div>\n<div class=\"separator\">andarilho<\/div>\n<div class=\"separator\">\u00a0<\/div>\n<div class=\"separator\">\u00a0<\/div>","protected":false},"excerpt":{"rendered":"<p>E aqui temos Nema &#8211; P\u00e1ssaro Livre, disco lan\u00e7ado em 1980 pela RCA Victor. Essa cantora \u00e9 um verdadeiro mist\u00e9rio, n\u00e3o se encontra nada sobre ela . Nenhuma informa\u00e7\u00e3o, nem mesmo algum coment\u00e1rio no Youtube, mas nem neste canal ela &hellip; <a href=\"https:\/\/www.toque-musicall.com\/?p=11256\">Continue lendo <span class=\"meta-nav\">&rarr;<\/span><\/a><\/p>\n","protected":false},"author":1,"featured_media":0,"comment_status":"closed","ping_status":"closed","sticky":false,"template":"","format":"standard","meta":{"footnotes":""},"categories":[1],"tags":[5999,3061],"class_list":["post-11256","post","type-post","status-publish","format-standard","hentry","category-sem-categoria","tag-nema","tag-selo-rca-victor"],"_links":{"self":[{"href":"https:\/\/www.toque-musicall.com\/index.php?rest_route=\/wp\/v2\/posts\/11256","targetHints":{"allow":["GET"]}}],"collection":[{"href":"https:\/\/www.toque-musicall.com\/index.php?rest_route=\/wp\/v2\/posts"}],"about":[{"href":"https:\/\/www.toque-musicall.com\/index.php?rest_route=\/wp\/v2\/types\/post"}],"author":[{"embeddable":true,"href":"https:\/\/www.toque-musicall.com\/index.php?rest_route=\/wp\/v2\/users\/1"}],"replies":[{"embeddable":true,"href":"https:\/\/www.toque-musicall.com\/index.php?rest_route=%2Fwp%2Fv2%2Fcomments&post=11256"}],"version-history":[{"count":1,"href":"https:\/\/www.toque-musicall.com\/index.php?rest_route=\/wp\/v2\/posts\/11256\/revisions"}],"predecessor-version":[{"id":11257,"href":"https:\/\/www.toque-musicall.com\/index.php?rest_route=\/wp\/v2\/posts\/11256\/revisions\/11257"}],"wp:attachment":[{"href":"https:\/\/www.toque-musicall.com\/index.php?rest_route=%2Fwp%2Fv2%2Fmedia&parent=11256"}],"wp:term":[{"taxonomy":"category","embeddable":true,"href":"https:\/\/www.toque-musicall.com\/index.php?rest_route=%2Fwp%2Fv2%2Fcategories&post=11256"},{"taxonomy":"post_tag","embeddable":true,"href":"https:\/\/www.toque-musicall.com\/index.php?rest_route=%2Fwp%2Fv2%2Ftags&post=11256"}],"curies":[{"name":"wp","href":"https:\/\/api.w.org\/{rel}","templated":true}]}}