{"id":1126,"date":"2009-08-06T12:24:00","date_gmt":"2009-08-06T12:24:00","guid":{"rendered":"http:\/\/www.toque-musicall.com\/?p=1126"},"modified":"2009-08-06T12:24:00","modified_gmt":"2009-08-06T12:24:00","slug":"os-grandes-momentos-o-fino-1978","status":"publish","type":"post","link":"https:\/\/www.toque-musicall.com\/?p=1126","title":{"rendered":"Os Grandes Momentos &#8211; O Fino&#8230; (1978)"},"content":{"rendered":"<p><a href=\"http:\/\/3.bp.blogspot.com\/_DSKVEvHtskc\/SnrMaWaNSiI\/AAAAAAAAFJ0\/69B3L-M3Nvc\/s1600-h\/o+fino+P.JPG\"><img decoding=\"async\" style=\"display:block; margin:0px auto 10px; text-align:center;cursor:pointer; cursor:hand;width: 400px; height: 397px;\" src=\"http:\/\/3.bp.blogspot.com\/_DSKVEvHtskc\/SnrMaWaNSiI\/AAAAAAAAFJ0\/69B3L-M3Nvc\/s400\/o+fino+P.JPG\" border=\"0\" alt=\"\" id=\"BLOGGER_PHOTO_ID_5366826659029535266\" \/><\/a>&#8230;E por falar em <span>colet\u00e2nea<\/span> fina, aqui vai mais uma que com certeza ir\u00e1 agradar aos amigos cultos e ocultos. Literalmente o fino da m\u00fasica popular feita no Brasil. Temos hoje este disco onde est\u00e3o reunidos v\u00e1rios dos nossos grandes nomes em momentos ao vivo e que foram transmitidos pela televis\u00e3o nos anos 60. N\u00e3o tenho muita certeza (e nem vou tomar meu tempo pesquisando), mas acredito que esses <span>registros<\/span> fazem parte do saudoso programa da TV <span>Record<\/span>, &#8220;O Fino da Bossa&#8221;, comandado por <span>Elis<\/span> Regina e tendo sempre ao lado o <span>Jair<\/span> Rodrigues e o <span>Zimbo<\/span> Trio. Este foi, sem d\u00favida, o melhor e mais completo <span>programa<\/span> de m\u00fasica da televis\u00e3o brasileira. Num tempo em que as emissoras de <span>tv<\/span> podiam se dar ao luxo contratar e ter em seu &#8216;<span>cast<\/span>&#8216; centenas de artistas de alto n\u00edvel e de renome. &#8220;O Fino da Bossa&#8221; estreou em 1965 e durou por quase tr\u00eas anos, com apresenta\u00e7\u00f5es transmitidas <span>diretas<\/span> do Teatro da <span>Record<\/span> onde o programa acontecia, sempre nas segundas-feiras. Um outro diferencial do programa era o tempo de dura\u00e7\u00e3o, chegava a quase tr\u00eas horas! E a <span>Elis<\/span> cantava como nunca. Ela era a grande estrela que lotava o teatro toda a semana. Programas igual a este eu nunca vi igual, bons tempos, <span>heim<\/span>? Confira a\u00ed a bolacha, pois eu acredito tamb\u00e9m que h\u00e1 faixas aqui nunca antes ouvidas al\u00e9m daquele tempo. <span>Ta\u00ed<\/span> uma das coisas boas de <span>colet\u00e2neas<\/span>, sempre tem uma azeitona a mais \ud83d\ude42<\/p>\n<div><\/div>\n<div style=\"text-align: center;\"><span>pout<\/span> <span>pourri<\/span> &#8211; <span>elis<\/span> <span>regina<\/span> e <span>jair<\/span> <span>rodrigues<\/span><\/div>\n<div style=\"text-align: center;\">pau de arara &#8211; <span>ary<\/span> <span>toledo<\/span><\/div>\n<div style=\"text-align: center;\">opini\u00e3o &#8211; <span>nara<\/span> le\u00e3o<\/div>\n<div style=\"text-align: center;\"><span>pedro<\/span> pedreiro &#8211; quarteto em <span>cy<\/span><\/div>\n<div style=\"text-align: center;\">reza &#8211; <span>edu<\/span> lobo<\/div>\n<div style=\"text-align: center;\">upa <span>neguinho<\/span> &#8211; <span>zimbo<\/span> trio<\/div>\n<div style=\"text-align: center;\"><span>pout<\/span> <span>pourri<\/span> &#8211; <span>elis<\/span> <span>regina<\/span> e <span>jair<\/span> <span>rodrigues<\/span><\/div>\n<div style=\"text-align: center;\">porta estandarte &#8211; <span>geraldo<\/span> <span>vandr\u00e9<\/span> e <span>tuca<\/span><\/div>\n<div style=\"text-align: center;\"><span>ol\u00ea<\/span> ol\u00e1 &#8211; <span>chico<\/span> <span>buarque<\/span><\/div>\n<div style=\"text-align: center;\">d\u00e1-me &#8211; <span>dorothy<\/span><\/div>\n<div style=\"text-align: center;\">samba em prel\u00fadio &#8211; <span>agostinho<\/span> dos santos e <span>rosana<\/span> <span>toledo<\/span><\/div>\n<div style=\"text-align: center;\">preciso aprender a ser s\u00f3 &#8211; os cariocas<\/div>\n<div style=\"text-align: center;\"><\/div>\n<div style=\"text-align: center;\"><\/div>\n","protected":false},"excerpt":{"rendered":"<p>&#8230;E por falar em colet\u00e2nea fina, aqui vai mais uma que com certeza ir\u00e1 agradar aos amigos cultos e ocultos. Literalmente o fino da m\u00fasica popular feita no Brasil. Temos hoje este disco onde est\u00e3o reunidos v\u00e1rios dos nossos grandes &hellip; <a href=\"https:\/\/www.toque-musicall.com\/?p=1126\">Continue lendo <span class=\"meta-nav\">&rarr;<\/span><\/a><\/p>\n","protected":false},"author":1,"featured_media":0,"comment_status":"open","ping_status":"closed","sticky":false,"template":"","format":"standard","meta":{"footnotes":""},"categories":[278,1404,1303],"tags":[],"class_list":["post-1126","post","type-post","status-publish","format-standard","hentry","category-festivais","category-os-grandes-momentos-festivais","category-variados"],"_links":{"self":[{"href":"https:\/\/www.toque-musicall.com\/index.php?rest_route=\/wp\/v2\/posts\/1126","targetHints":{"allow":["GET"]}}],"collection":[{"href":"https:\/\/www.toque-musicall.com\/index.php?rest_route=\/wp\/v2\/posts"}],"about":[{"href":"https:\/\/www.toque-musicall.com\/index.php?rest_route=\/wp\/v2\/types\/post"}],"author":[{"embeddable":true,"href":"https:\/\/www.toque-musicall.com\/index.php?rest_route=\/wp\/v2\/users\/1"}],"replies":[{"embeddable":true,"href":"https:\/\/www.toque-musicall.com\/index.php?rest_route=%2Fwp%2Fv2%2Fcomments&post=1126"}],"version-history":[{"count":0,"href":"https:\/\/www.toque-musicall.com\/index.php?rest_route=\/wp\/v2\/posts\/1126\/revisions"}],"wp:attachment":[{"href":"https:\/\/www.toque-musicall.com\/index.php?rest_route=%2Fwp%2Fv2%2Fmedia&parent=1126"}],"wp:term":[{"taxonomy":"category","embeddable":true,"href":"https:\/\/www.toque-musicall.com\/index.php?rest_route=%2Fwp%2Fv2%2Fcategories&post=1126"},{"taxonomy":"post_tag","embeddable":true,"href":"https:\/\/www.toque-musicall.com\/index.php?rest_route=%2Fwp%2Fv2%2Ftags&post=1126"}],"curies":[{"name":"wp","href":"https:\/\/api.w.org\/{rel}","templated":true}]}}