{"id":11268,"date":"2025-07-11T18:02:29","date_gmt":"2025-07-11T21:02:29","guid":{"rendered":"https:\/\/www.toque-musicall.com\/?p=11268"},"modified":"2025-07-17T18:04:33","modified_gmt":"2025-07-17T21:04:33","slug":"telma-joana-flor-das-alagoas-1982","status":"publish","type":"post","link":"https:\/\/www.toque-musicall.com\/?p=11268","title":{"rendered":"Telma &#8211; Joana Flor Das Alagoas (1982)"},"content":{"rendered":"\n<figure class=\"wp-block-image size-large\"><img decoding=\"async\" src=\"https:\/\/blogger.googleusercontent.com\/img\/b\/R29vZ2xl\/AVvXsEgQsso0ojc8YJBUUo2hN4nttiJ1u8WQJ8V_s3RjYfLRm-SsY01btZ5psgu9YDw1IbXh8d_jQ57OuJRma_Y5c3AOcxMbd08uBWokVMESWRARu2bB3Fp3wE4y7ChRSHh00VWv2Jc7dW7h5fhmZGSik-DDQbirl2xPnffQcNYCiyNC_VrZXpIot6ItwFH0u5G2\/w640-h622\/Capturar.JPG\" alt=\"\"\/><\/figure>\n\n\n\n<figure class=\"wp-block-image size-large\"><img decoding=\"async\" src=\"https:\/\/blogger.googleusercontent.com\/img\/b\/R29vZ2xl\/AVvXsEh14ss0TaKMDFE1bI_IIrq7EE0YxcGkXs28Yn4lTQMtD4E-FoNQ0_LjEbmQ2nLA344KmLM9zZ-Z3V9_zelrcD72MyTWdBRn5kt4E8kkuUb4RhcckwKFFFoVOUvmk2UW50bt48BQbFaJMxOoyp498BMrpaihLXHJuT3WWPKOr20oGo8okh3sEYhe-aSS1uAs\/w640-h634\/Capturarb.JPG\" alt=\"\"\/><\/figure>\n\n\n<div class=\"separator\">N\u00e3o faz muito tempo, n\u00f3s postamos aqui um disco da cantora Telma cantando com Nelson Cavaquinho. Agora, no acaso dos sortidos e sorteados, temos ela mais uma vez em disco lan\u00e7ado em 1982, pelo selo RCA, &#8220;Joana Flor das Alagoas&#8221;, m\u00fasica que d\u00e1 nome ao disco \u00e9 uma composi\u00e7\u00e3o de Elomar. E como podemos ver, as demais m\u00fasicas do repert\u00f3rio \u00e9 do mesmo n\u00edvel. Ou seja, um disco de primeir\u00edssima, com produ\u00e7\u00e3o de Fagner. Vale a pena ouvir&#8230;<\/div>\n<div class=\"separator\">\u00a0<\/div>\n<div class=\"separator\">a quem interessar possa<\/div>\n<div class=\"separator\">um amor que \u00e9 s\u00f3 meu\u00a0<\/div>\n<div class=\"separator\">revert\u00e9rio<\/div>\n<div class=\"separator\">tamarindo<\/div>\n<div class=\"separator\">mucuripe<\/div>\n<div class=\"separator\">que vontade de comer goiaba<\/div>\n<div class=\"separator\">lambada de serpente<\/div>\n<div class=\"separator\">algod\u00e3o<\/div>\n<div class=\"separator\">pra multiplicar o bem (caterino)<\/div>\n<div class=\"separator\">joana flor das alagoas<\/div>\n<div class=\"separator\">\u00a0<\/div>\n<div class=\"separator\">.<\/div>","protected":false},"excerpt":{"rendered":"<p>N\u00e3o faz muito tempo, n\u00f3s postamos aqui um disco da cantora Telma cantando com Nelson Cavaquinho. Agora, no acaso dos sortidos e sorteados, temos ela mais uma vez em disco lan\u00e7ado em 1982, pelo selo RCA, &#8220;Joana Flor das Alagoas&#8221;, &hellip; <a href=\"https:\/\/www.toque-musicall.com\/?p=11268\">Continue lendo <span class=\"meta-nav\">&rarr;<\/span><\/a><\/p>\n","protected":false},"author":1,"featured_media":0,"comment_status":"closed","ping_status":"closed","sticky":false,"template":"","format":"standard","meta":{"footnotes":""},"categories":[1],"tags":[3040,6001,5981],"class_list":["post-11268","post","type-post","status-publish","format-standard","hentry","category-sem-categoria","tag-selo-rca","tag-telma","tag-thelma"],"_links":{"self":[{"href":"https:\/\/www.toque-musicall.com\/index.php?rest_route=\/wp\/v2\/posts\/11268","targetHints":{"allow":["GET"]}}],"collection":[{"href":"https:\/\/www.toque-musicall.com\/index.php?rest_route=\/wp\/v2\/posts"}],"about":[{"href":"https:\/\/www.toque-musicall.com\/index.php?rest_route=\/wp\/v2\/types\/post"}],"author":[{"embeddable":true,"href":"https:\/\/www.toque-musicall.com\/index.php?rest_route=\/wp\/v2\/users\/1"}],"replies":[{"embeddable":true,"href":"https:\/\/www.toque-musicall.com\/index.php?rest_route=%2Fwp%2Fv2%2Fcomments&post=11268"}],"version-history":[{"count":1,"href":"https:\/\/www.toque-musicall.com\/index.php?rest_route=\/wp\/v2\/posts\/11268\/revisions"}],"predecessor-version":[{"id":11269,"href":"https:\/\/www.toque-musicall.com\/index.php?rest_route=\/wp\/v2\/posts\/11268\/revisions\/11269"}],"wp:attachment":[{"href":"https:\/\/www.toque-musicall.com\/index.php?rest_route=%2Fwp%2Fv2%2Fmedia&parent=11268"}],"wp:term":[{"taxonomy":"category","embeddable":true,"href":"https:\/\/www.toque-musicall.com\/index.php?rest_route=%2Fwp%2Fv2%2Fcategories&post=11268"},{"taxonomy":"post_tag","embeddable":true,"href":"https:\/\/www.toque-musicall.com\/index.php?rest_route=%2Fwp%2Fv2%2Ftags&post=11268"}],"curies":[{"name":"wp","href":"https:\/\/api.w.org\/{rel}","templated":true}]}}