{"id":1127,"date":"2009-08-05T12:03:00","date_gmt":"2009-08-05T12:03:00","guid":{"rendered":"http:\/\/www.toque-musicall.com\/?p=1127"},"modified":"2009-08-05T12:03:00","modified_gmt":"2009-08-05T12:03:00","slug":"tons-do-brasil-1984","status":"publish","type":"post","link":"https:\/\/www.toque-musicall.com\/?p=1127","title":{"rendered":"Tons Do Brasil (1984)"},"content":{"rendered":"<p><a href=\"http:\/\/1.bp.blogspot.com\/_DSKVEvHtskc\/Snl2FSd8rHI\/AAAAAAAAFJo\/hp3nD6BFjPo\/s1600-h\/tons+do+brasil+P.JPG\"><img decoding=\"async\" id=\"BLOGGER_PHOTO_ID_5366450264217529458\" style=\"DISPLAY: block; MARGIN: 0px auto 10px; WIDTH: 400px; CURSOR: hand; HEIGHT: 398px; TEXT-ALIGN: center\" alt=\"\" src=\"http:\/\/1.bp.blogspot.com\/_DSKVEvHtskc\/Snl2FSd8rHI\/AAAAAAAAFJo\/hp3nD6BFjPo\/s400\/tons+do+brasil+P.JPG\" border=\"0\" \/><\/a>Para os amantes da m\u00fasica instrumental, eu hoje estou trazendo este disquinho promocional que \u00e9 o fino! Trata-se de uma colet\u00e2nea reunindo alguns dos nossos mais expressivos e talentos m\u00fasicos instrumentistas, interpretando obras consagradas do nosso repert\u00f3rio popular. <\/p>\n<div>Um amigo, ao ouvir o disco ficou encantado, mas me perguntou se ao apresent\u00e1-lo no blog eu n\u00e3o deveria &#8220;remasterizar&#8221;, dar um trato no som do vinil. Para ele o som do vinil com seus estalinhos caracter\u00edsticos n\u00e3o \u00e9 legal. Talvez n\u00e3o seja mesmo, afinal os estalos n\u00e3o fazem parte da m\u00fasica. Mas acontece que a m\u00fasica faz parte do disco e \u00e9 baseada nele, no fonograma em formato de vinil, cd ou fita magn\u00e9tica. O barato est\u00e1 aqui&#8230; Quem quiser que d\u00ea o seu &#8216;trato&#8217;.<\/div>\n<div>Sem muitas &#8216;delongas&#8217;, vamos conferir o que temos em &#8220;Tons do Brasil&#8221;. Uma sele\u00e7\u00e3o especial que n\u00e3o se encontra f\u00e1cil por a\u00ed. Olha s\u00f3&#8230;<\/div>\n<div><\/div>\n<div style=\"TEXT-ALIGN: center\">lamento &#8211; heraldo do monte<\/div>\n<div style=\"TEXT-ALIGN: center\">conversa de botequim &#8211; nelson ayres e roberto sion<\/div>\n<div style=\"TEXT-ALIGN: center\">casinha pequenina &#8211; odette ernest dias<\/div>\n<div style=\"TEXT-ALIGN: center\">manh\u00e3 de carnaval, felicidade e samba de orfeu &#8211; laurindo almeida<\/div>\n<div style=\"TEXT-ALIGN: center\">tenebroso &#8211; edu da gaita<\/div>\n<div style=\"TEXT-ALIGN: center\">marina &#8211; tania maria<\/div>\n<div style=\"TEXT-ALIGN: center\">viola enluarada &#8211; marcos valle<\/div>\n<div style=\"TEXT-ALIGN: center\">melodias brasileiras &#8211; edu da gaita<\/div>\n<div style=\"TEXT-ALIGN: center\">bachiana n.5 &#8211; edson jos\u00e9 alves<\/div>\n<div style=\"TEXT-ALIGN: center\">disparada &#8211; paulinho nogueira<\/div>\n<div style=\"TEXT-ALIGN: center\">tatuagem &#8211; nelson ayres e roberto sion<\/div>\n<div style=\"TEXT-ALIGN: center\">as rosa n\u00e3o falam &#8211; jo\u00e3o maria de abreu<\/div>\n<div><\/div>\n<div><\/div>\n","protected":false},"excerpt":{"rendered":"<p>Para os amantes da m\u00fasica instrumental, eu hoje estou trazendo este disquinho promocional que \u00e9 o fino! Trata-se de uma colet\u00e2nea reunindo alguns dos nossos mais expressivos e talentos m\u00fasicos instrumentistas, interpretando obras consagradas do nosso repert\u00f3rio popular. Um amigo, &hellip; <a href=\"https:\/\/www.toque-musicall.com\/?p=1127\">Continue lendo <span class=\"meta-nav\">&rarr;<\/span><\/a><\/p>\n","protected":false},"author":1,"featured_media":0,"comment_status":"open","ping_status":"closed","sticky":false,"template":"","format":"standard","meta":{"footnotes":""},"categories":[1405,1303],"tags":[],"class_list":["post-1127","post","type-post","status-publish","format-standard","hentry","category-tons-do-brasil","category-variados"],"_links":{"self":[{"href":"https:\/\/www.toque-musicall.com\/index.php?rest_route=\/wp\/v2\/posts\/1127","targetHints":{"allow":["GET"]}}],"collection":[{"href":"https:\/\/www.toque-musicall.com\/index.php?rest_route=\/wp\/v2\/posts"}],"about":[{"href":"https:\/\/www.toque-musicall.com\/index.php?rest_route=\/wp\/v2\/types\/post"}],"author":[{"embeddable":true,"href":"https:\/\/www.toque-musicall.com\/index.php?rest_route=\/wp\/v2\/users\/1"}],"replies":[{"embeddable":true,"href":"https:\/\/www.toque-musicall.com\/index.php?rest_route=%2Fwp%2Fv2%2Fcomments&post=1127"}],"version-history":[{"count":0,"href":"https:\/\/www.toque-musicall.com\/index.php?rest_route=\/wp\/v2\/posts\/1127\/revisions"}],"wp:attachment":[{"href":"https:\/\/www.toque-musicall.com\/index.php?rest_route=%2Fwp%2Fv2%2Fmedia&parent=1127"}],"wp:term":[{"taxonomy":"category","embeddable":true,"href":"https:\/\/www.toque-musicall.com\/index.php?rest_route=%2Fwp%2Fv2%2Fcategories&post=1127"},{"taxonomy":"post_tag","embeddable":true,"href":"https:\/\/www.toque-musicall.com\/index.php?rest_route=%2Fwp%2Fv2%2Ftags&post=1127"}],"curies":[{"name":"wp","href":"https:\/\/api.w.org\/{rel}","templated":true}]}}