{"id":11272,"date":"2025-07-13T19:45:33","date_gmt":"2025-07-13T22:45:33","guid":{"rendered":"https:\/\/www.toque-musicall.com\/?p=11272"},"modified":"2025-07-17T19:47:49","modified_gmt":"2025-07-17T22:47:49","slug":"tam-tam-tam-1958","status":"publish","type":"post","link":"https:\/\/www.toque-musicall.com\/?p=11272","title":{"rendered":"Tam&#8230; Tam&#8230; Tam&#8230; (1958)"},"content":{"rendered":"\n<figure class=\"wp-block-image size-large\"><img decoding=\"async\" src=\"https:\/\/blogger.googleusercontent.com\/img\/b\/R29vZ2xl\/AVvXsEi744o12cXaiEbeCyFeB30dVLAli390uyaH24D1-alK9DyHz-3yuysdpzhGx20LzA54Zm0cRLB8uUJE-pNonkJIF9j6DrPG0lE1pApnWlHkkNeINHSv_PrcGtRwoiqiqaCga35tORz4Hx-toAJV-S8vORdpdLA9p50GMVT6qXkV8qwuJjBO8D4sQHMT9yR0\/w640-h632\/capa.jpg\" alt=\"\"\/><\/figure>\n\n\n\n<figure class=\"wp-block-image size-large\"><img decoding=\"async\" src=\"https:\/\/blogger.googleusercontent.com\/img\/b\/R29vZ2xl\/AVvXsEhMVSVaxZf-LHibNH6nrZBx8E-eUX42YdkT4Je3sE_zi5SFqSbGIIkBxCZiDyWFdOb19jvlDuWqeXRpFwCiAX_87M8p2SF_jHkuZTS81_1SP500GgCy6PkP6MKQhFpvc5gexsSqVWfuTOO4pmSr00XnmyUvZLarCPjaYbLtBDoCvjJbloGajrkG0pLHnIh7\/w640-h628\/contra.jpg\" alt=\"\"\/><\/figure>\n\n\n<div class=\"separator\">Aqui um &#8216;long play&#8217; que h\u00e1 tempos quer\u00edamos postar&#8230; Um disco realmente dos mais raros e que curiosamente despertou o interesse de muita gente de uns tempos para c\u00e1, desde foi mostrado ao Ed Motta, que por sua vez amplificou a coisa com seu toque de Midas. O disco \u00e9 uma esp\u00e9cie de copila\u00e7\u00e3o musical de uma pe\u00e7a de autoria do polon\u00eas\u00a0 Mi\u00e9cio Askanazy chamada &#8220;Brasiliana&#8221;, dos anos 30. Ao que se sabe, ela foi apresentada ao longo dos tempos em v\u00e1rios lugares pelo mundo, sempre fazendo muito sucesso. E isso se deve, certamente, ao tema que explora a m\u00fasica regional, de terreiro, macumbas, batuques, candobl\u00e9s, sambas e maracatus. E mais ainda, \u00e0 presen\u00e7a de uma excelente orquestra sob a dire\u00e7\u00e3o e arranjos do maetro mineiro Jos\u00e9 Prates e vocais de Ivan de Oliveira, cantor que sabia como poucos executar pontes musicais entre o erudito e o popular. Este lp foi gravado na Europa e lan\u00e7ado por aqui tamb\u00e9m, mas parece n\u00e3o ter feito muito sucesso na \u00e9poca. Hoje, um exemplar, pela sua raridade, se tornou objeto de especula\u00e7\u00e3o no Mercado Livre e Discogs.<\/div>\n<div class=\"separator\">\u00a0<\/div>\n<div class=\"separator\">imbarabo<\/div>\n<div class=\"separator\">imba\u00ea<\/div>\n<div class=\"separator\">nan\u00e3 imbor\u00f4<\/div>\n<div class=\"separator\">f\u00e1-eu-\u00e1<\/div>\n<div class=\"separator\">onika<\/div>\n<div class=\"separator\">ogum oloj\u00f4<\/div>\n<div class=\"separator\">maracatu elegante<\/div>\n<div class=\"separator\">nega zefinha<\/div>\n<div class=\"separator\">trem brabo no samba<\/div>\n<div class=\"separator\">\u00a0<\/div>\n<div class=\"separator\">\u00a0<\/div>\n<div class=\"separator\">\u00a0<\/div>","protected":false},"excerpt":{"rendered":"<p>Aqui um &#8216;long play&#8217; que h\u00e1 tempos quer\u00edamos postar&#8230; Um disco realmente dos mais raros e que curiosamente despertou o interesse de muita gente de uns tempos para c\u00e1, desde foi mostrado ao Ed Motta, que por sua vez amplificou &hellip; <a href=\"https:\/\/www.toque-musicall.com\/?p=11272\">Continue lendo <span class=\"meta-nav\">&rarr;<\/span><\/a><\/p>\n","protected":false},"author":1,"featured_media":0,"comment_status":"closed","ping_status":"closed","sticky":false,"template":"","format":"standard","meta":{"footnotes":""},"categories":[1],"tags":[6004,6002,6003,3057],"class_list":["post-11272","post","type-post","status-publish","format-standard","hentry","category-sem-categoria","tag-brasiliana","tag-ivan-de-paula","tag-jose-prates","tag-selo-polydor"],"_links":{"self":[{"href":"https:\/\/www.toque-musicall.com\/index.php?rest_route=\/wp\/v2\/posts\/11272","targetHints":{"allow":["GET"]}}],"collection":[{"href":"https:\/\/www.toque-musicall.com\/index.php?rest_route=\/wp\/v2\/posts"}],"about":[{"href":"https:\/\/www.toque-musicall.com\/index.php?rest_route=\/wp\/v2\/types\/post"}],"author":[{"embeddable":true,"href":"https:\/\/www.toque-musicall.com\/index.php?rest_route=\/wp\/v2\/users\/1"}],"replies":[{"embeddable":true,"href":"https:\/\/www.toque-musicall.com\/index.php?rest_route=%2Fwp%2Fv2%2Fcomments&post=11272"}],"version-history":[{"count":1,"href":"https:\/\/www.toque-musicall.com\/index.php?rest_route=\/wp\/v2\/posts\/11272\/revisions"}],"predecessor-version":[{"id":11273,"href":"https:\/\/www.toque-musicall.com\/index.php?rest_route=\/wp\/v2\/posts\/11272\/revisions\/11273"}],"wp:attachment":[{"href":"https:\/\/www.toque-musicall.com\/index.php?rest_route=%2Fwp%2Fv2%2Fmedia&parent=11272"}],"wp:term":[{"taxonomy":"category","embeddable":true,"href":"https:\/\/www.toque-musicall.com\/index.php?rest_route=%2Fwp%2Fv2%2Fcategories&post=11272"},{"taxonomy":"post_tag","embeddable":true,"href":"https:\/\/www.toque-musicall.com\/index.php?rest_route=%2Fwp%2Fv2%2Ftags&post=11272"}],"curies":[{"name":"wp","href":"https:\/\/api.w.org\/{rel}","templated":true}]}}