{"id":11274,"date":"2025-07-14T19:49:11","date_gmt":"2025-07-14T22:49:11","guid":{"rendered":"https:\/\/www.toque-musicall.com\/?p=11274"},"modified":"2025-07-17T19:51:26","modified_gmt":"2025-07-17T22:51:26","slug":"riachao-batatinha-e-panela-samba-da-bahia-1973","status":"publish","type":"post","link":"https:\/\/www.toque-musicall.com\/?p=11274","title":{"rendered":"Riach\u00e3o Batatinha E Panela &#8211; Samba Da Bahia (1973)"},"content":{"rendered":"\n<figure class=\"wp-block-image size-large\"><img decoding=\"async\" src=\"https:\/\/blogger.googleusercontent.com\/img\/b\/R29vZ2xl\/AVvXsEieCUtgm5EmZQVt-jxBgCcd6RJcHmwClccTuDF696ANVeZWbHGoqEWUneQVMKyKX5MdOE0mGv6F0nj90vL9jPJRFR1BXE8QaW3TJH4FkjW8CdhjaxkLwQJgFhlVrEUyaZNhbHncf0WC_mIWH38MabCU3SKxaKU4Cs_EDwpB8ASdUtmlcw-5OPILv9y7ITVV\/w628-h640\/capa.jpg\" alt=\"\"\/><\/figure>\n\n\n\n<figure class=\"wp-block-image size-large\"><img decoding=\"async\" src=\"https:\/\/blogger.googleusercontent.com\/img\/b\/R29vZ2xl\/AVvXsEhb8rG4aO_de0nGgRMdHS4o-DyhL_Uvz4iiF1mqS6xWsgGsQW0zHmgGX7PFVZoFmZ1CRBiCqckxQPKvJPCWhrNqQ-w1HRknBHb1he-9rW2blEt3sCw1eA9GbzVFjGLDFI3-vD3Ki7qdIjTojqpYP56eAwaumkbDUxaak-O_EP8fZK7I6am-pIvm2IUtFu5l\/w622-h640\/contra.jpg\" alt=\"\"\/><\/figure>\n\n\n<div class=\"separator\">Desta vez vamos com o lp &#8220;Samba da Bahia&#8221;, trazendo tr\u00eas grandes nomes do samba baiano: Batatinha, Panela e Riach\u00e3o. Lan\u00e7ado em 1973 pelo selo Fontana, este \u00e9 mais um disco que merecia um relan\u00e7amento, mesmo que em cd. &#8220;Samba da Bahia&#8221; \u00e9 um disco que se inicia com Riach\u00e3o por todo o lado A, s\u00e3o sete m\u00fasicas\/faixas. No lado B temos Batatinha e Panela.. Disco bonito de samba, o samba feito na Bahia&#8230;<\/div>\n<div class=\"separator\">&#8220;<i>Edil Pacheco, destaca a trajet\u00f3ria da grava\u00e7\u00e3o e import\u00e2ncia deste \u00e1lbum \u201cA experi\u00eancia foi conviver com Riach\u00e3o&#8230; voc\u00ea conviver com Riach\u00e3o, Panela e Batatinha, fazer um disco num teatro sem ac\u00fastica nenhuma, ou seja, com metade de barulho da rua e que teve a hist\u00f3ria do grilo tamb\u00e9m que apareceu&#8230; a gente n\u00e3o gravou. Mas isso tudo talvez tenha sido o magnetismo que conduziu pra que esse disco ficasse t\u00e3o bonito e se encontra hoje. \u00c9 um disco que parece que foi feito hoje, atual\u00edssimo. Ent\u00e3o \u00e9 isso a\u00ed. Quem gosta de m\u00fasica brasileira, quem gosta do samba, n\u00e3o tenha d\u00favida que vai adorar esse trabalho &#8220;, concluiu o cantor e compositor.&#8221;<\/i><\/div>\n<div class=\"separator\"><i>\u00a0<\/i><\/div>\n<div class=\"separator\">vou chegando<\/div>\n<div class=\"separator\">fufu<\/div>\n<div class=\"separator\">terra hospitaleira<\/div>\n<div class=\"separator\">cada macaco no seu galho<\/div>\n<div class=\"separator\">pitada de tabaco<\/div>\n<div class=\"separator\">ousado e mosquito<\/div>\n<div class=\"separator\">at\u00e9 amanh\u00e3<\/div>\n<div class=\"separator\">diplomacia<\/div>\n<div class=\"separator\">ministro do samba<\/div>\n<div class=\"separator\">inventor do trabalho<\/div>\n<div class=\"separator\">direito de sambar<\/div>\n<div class=\"separator\">n\u00e3o suje o meu caix\u00e3o<\/div>\n<div class=\"separator\">o patr\u00e3o \u00e9 meu pandeiro<\/div>\n<div class=\"separator\">\u00a0<\/div>\n<div class=\"separator\">\u00a0<\/div>\n<div class=\"separator\">.<\/div>\n<div class=\"separator\">\u00a0<\/div>","protected":false},"excerpt":{"rendered":"<p>Desta vez vamos com o lp &#8220;Samba da Bahia&#8221;, trazendo tr\u00eas grandes nomes do samba baiano: Batatinha, Panela e Riach\u00e3o. Lan\u00e7ado em 1973 pelo selo Fontana, este \u00e9 mais um disco que merecia um relan\u00e7amento, mesmo que em cd. &#8220;Samba &hellip; <a href=\"https:\/\/www.toque-musicall.com\/?p=11274\">Continue lendo <span class=\"meta-nav\">&rarr;<\/span><\/a><\/p>\n","protected":false},"author":1,"featured_media":0,"comment_status":"closed","ping_status":"closed","sticky":false,"template":"","format":"standard","meta":{"footnotes":""},"categories":[1],"tags":[5206,6006,6005,3038],"class_list":["post-11274","post","type-post","status-publish","format-standard","hentry","category-sem-categoria","tag-batatinha","tag-panela","tag-riachao","tag-selo-fontana"],"_links":{"self":[{"href":"https:\/\/www.toque-musicall.com\/index.php?rest_route=\/wp\/v2\/posts\/11274","targetHints":{"allow":["GET"]}}],"collection":[{"href":"https:\/\/www.toque-musicall.com\/index.php?rest_route=\/wp\/v2\/posts"}],"about":[{"href":"https:\/\/www.toque-musicall.com\/index.php?rest_route=\/wp\/v2\/types\/post"}],"author":[{"embeddable":true,"href":"https:\/\/www.toque-musicall.com\/index.php?rest_route=\/wp\/v2\/users\/1"}],"replies":[{"embeddable":true,"href":"https:\/\/www.toque-musicall.com\/index.php?rest_route=%2Fwp%2Fv2%2Fcomments&post=11274"}],"version-history":[{"count":1,"href":"https:\/\/www.toque-musicall.com\/index.php?rest_route=\/wp\/v2\/posts\/11274\/revisions"}],"predecessor-version":[{"id":11275,"href":"https:\/\/www.toque-musicall.com\/index.php?rest_route=\/wp\/v2\/posts\/11274\/revisions\/11275"}],"wp:attachment":[{"href":"https:\/\/www.toque-musicall.com\/index.php?rest_route=%2Fwp%2Fv2%2Fmedia&parent=11274"}],"wp:term":[{"taxonomy":"category","embeddable":true,"href":"https:\/\/www.toque-musicall.com\/index.php?rest_route=%2Fwp%2Fv2%2Fcategories&post=11274"},{"taxonomy":"post_tag","embeddable":true,"href":"https:\/\/www.toque-musicall.com\/index.php?rest_route=%2Fwp%2Fv2%2Ftags&post=11274"}],"curies":[{"name":"wp","href":"https:\/\/api.w.org\/{rel}","templated":true}]}}