{"id":11278,"date":"2025-07-16T19:40:10","date_gmt":"2025-07-16T22:40:10","guid":{"rendered":"https:\/\/www.toque-musicall.com\/?p=11278"},"modified":"2025-07-18T19:42:01","modified_gmt":"2025-07-18T22:42:01","slug":"sylvio-vianna-samba-do-bom-1962","status":"publish","type":"post","link":"https:\/\/www.toque-musicall.com\/?p=11278","title":{"rendered":"Sylvio Vianna &#8211; Samba Do Bom (1962)"},"content":{"rendered":"\n<figure class=\"wp-block-image size-large\"><img decoding=\"async\" src=\"https:\/\/blogger.googleusercontent.com\/img\/b\/R29vZ2xl\/AVvXsEiW2nzbjW-7cbDcpBUD2TK4-ADvejegkHsaArJYAPY2qWvpfi04AgqSfG7_Y6jNLtPd1qDZnPhuvsQLUHLRnLKP-RPt4bB8hWnbEgnabYjpf2Ewo9jcvZZ1Fcmw0mKEcSD2rGbqaL6IO0aexKPoYDwmtr-9EOsX7DwJjj6jkWbJIUtjilQnLXt_Jac2lWW1\/w640-h628\/capa.jpg\" alt=\"\"\/><\/figure>\n\n\n\n<figure class=\"wp-block-image size-large\"><img decoding=\"async\" src=\"https:\/\/blogger.googleusercontent.com\/img\/b\/R29vZ2xl\/AVvXsEiA7Tr7kbdnmpX6D2N9Ua2Cm9GnHBLKtXTO4y0H_buDB4sprw23wTm0xvIvcoA4rg1Qo0_FYkOI6O5_2j2sTD_Prgj2Gaz1h4Oj2H9N49TGktpz8DqmXo3vSW2E1ZYkl_nT9EBk-YYJPEXRTYAzeODnoZ-NCHdXJ_5dbRC6V2XDwAB-OfW3Z51GPr-lBtYz\/w640-h628\/contracp.jpg\" alt=\"\"\/><\/figure>\n\n\n<div class=\"separator\">Seguimos com nosso toque musical, hoje apresentando e j\u00e1 pela terceira vez, Sylvio Vianna.\u00a0<\/div>\n<div class=\"separator\">Sylvio Vianna era um pianista, gaitista e vibrafonista que fez muito sucesso em casas noturnas do Rio de Janeiro. Ele fez parte do conjunto de Dick Farney e posteriormente formou seu pr\u00f3prio conjunto no qual fazia o que todos os m\u00fasicos\/artistas da \u00e9poca faziam, m\u00fasica para dan\u00e7ar.<\/div>\n<div class=\"separator\">Aqui temos ele e seu conjunto em mais um disco para dan\u00e7ar. Desta vez, &#8220;Samba do bom&#8221;, lp lan\u00e7ado em 1962 pela RCA Victor. Como o pr\u00f3prio t\u00edtulo indica, trata-se de um sele\u00e7\u00e3o de cl\u00e1ssicos da m\u00fasica brasileira, sambas e tamb\u00e9m, em ritmo de samba, outros dois cl\u00e1ssicos, s\u00f3 que da m\u00fasica americana, &#8220;A little more of your amor&#8221; e &#8220;Over the rainbow&#8221;. Sylvio Vianna vem acompanhado de conjunto, coro e a voz de Dalva Barbosa em duas das faixas.<\/div>\n<div class=\"separator\">\u00a0<\/div>\n<div class=\"separator\">pourquoi?<\/div>\n<div class=\"separator\">boato<\/div>\n<div class=\"separator\">volta<\/div>\n<div class=\"separator\">a little more of your amor<\/div>\n<div class=\"separator\">voc\u00ea n\u00e3o quer nem eu<\/div>\n<div class=\"separator\">exalta\u00e7\u00e3o a mangueira<\/div>\n<div class=\"separator\">cai cai<\/div>\n<div class=\"separator\">arrasta sand\u00e1lia<\/div>\n<div class=\"separator\">alian\u00e7a<\/div>\n<div class=\"separator\">casa da lol\u00f3<\/div>\n<div class=\"separator\">que samba bom<\/div>\n<div class=\"separator\">over the rainbow<\/div>\n<div class=\"separator\">lamento do adeus<\/div>\n<div class=\"separator\">n\u00e3o me dia adeus<\/div>\n<div class=\"separator\">\u00a0<\/div>\n<div class=\"separator\">\u00a0<\/div>\n<div class=\"separator\">.<\/div>","protected":false},"excerpt":{"rendered":"<p>Seguimos com nosso toque musical, hoje apresentando e j\u00e1 pela terceira vez, Sylvio Vianna.\u00a0 Sylvio Vianna era um pianista, gaitista e vibrafonista que fez muito sucesso em casas noturnas do Rio de Janeiro. Ele fez parte do conjunto de Dick &hellip; <a href=\"https:\/\/www.toque-musicall.com\/?p=11278\">Continue lendo <span class=\"meta-nav\">&rarr;<\/span><\/a><\/p>\n","protected":false},"author":1,"featured_media":0,"comment_status":"closed","ping_status":"closed","sticky":false,"template":"","format":"standard","meta":{"footnotes":""},"categories":[1],"tags":[3061,4897],"class_list":["post-11278","post","type-post","status-publish","format-standard","hentry","category-sem-categoria","tag-selo-rca-victor","tag-sylvio-vianna"],"_links":{"self":[{"href":"https:\/\/www.toque-musicall.com\/index.php?rest_route=\/wp\/v2\/posts\/11278","targetHints":{"allow":["GET"]}}],"collection":[{"href":"https:\/\/www.toque-musicall.com\/index.php?rest_route=\/wp\/v2\/posts"}],"about":[{"href":"https:\/\/www.toque-musicall.com\/index.php?rest_route=\/wp\/v2\/types\/post"}],"author":[{"embeddable":true,"href":"https:\/\/www.toque-musicall.com\/index.php?rest_route=\/wp\/v2\/users\/1"}],"replies":[{"embeddable":true,"href":"https:\/\/www.toque-musicall.com\/index.php?rest_route=%2Fwp%2Fv2%2Fcomments&post=11278"}],"version-history":[{"count":1,"href":"https:\/\/www.toque-musicall.com\/index.php?rest_route=\/wp\/v2\/posts\/11278\/revisions"}],"predecessor-version":[{"id":11279,"href":"https:\/\/www.toque-musicall.com\/index.php?rest_route=\/wp\/v2\/posts\/11278\/revisions\/11279"}],"wp:attachment":[{"href":"https:\/\/www.toque-musicall.com\/index.php?rest_route=%2Fwp%2Fv2%2Fmedia&parent=11278"}],"wp:term":[{"taxonomy":"category","embeddable":true,"href":"https:\/\/www.toque-musicall.com\/index.php?rest_route=%2Fwp%2Fv2%2Fcategories&post=11278"},{"taxonomy":"post_tag","embeddable":true,"href":"https:\/\/www.toque-musicall.com\/index.php?rest_route=%2Fwp%2Fv2%2Ftags&post=11278"}],"curies":[{"name":"wp","href":"https:\/\/api.w.org\/{rel}","templated":true}]}}