{"id":1128,"date":"2009-08-04T09:52:00","date_gmt":"2009-08-04T09:52:00","guid":{"rendered":"http:\/\/www.toque-musicall.com\/?p=1128"},"modified":"2014-07-26T12:21:52","modified_gmt":"2014-07-26T15:21:52","slug":"bethania-gil-gal-vandre-caetano-mpb-espetacular-1975","status":"publish","type":"post","link":"https:\/\/www.toque-musicall.com\/?p=1128","title":{"rendered":"Bethania Gil Gal Vandr\u00e9 &#038; Caetano &#8211; MPB Espetacular (1975)"},"content":{"rendered":"<p><a href=\"http:\/\/4.bp.blogspot.com\/_DSKVEvHtskc\/SngFKCqF-II\/AAAAAAAAFJg\/SlsYa-sJMHg\/s1600-h\/bggvcP.JPG\"><img decoding=\"async\" id=\"BLOGGER_PHOTO_ID_5366044626082199682\" style=\"display: block; margin: 0px auto 10px; text-align: center; cursor: hand; width: 398px; height: 400px;\" alt=\"\" src=\"http:\/\/4.bp.blogspot.com\/_DSKVEvHtskc\/SngFKCqF-II\/AAAAAAAAFJg\/SlsYa-sJMHg\/s400\/bggvcP.JPG\" border=\"0\" \/><\/a>Ol\u00e1 amigos cultos e ocultos, bom dia! Hoje eu trago para voc\u00eas esta curiosa e muito interessante colet\u00e2nea lan\u00e7ada pela RCA Victor em 1975 (me parece que originalmente foi lan\u00e7ado em 1970). Trata-se de uma sele\u00e7\u00e3o rara, pouco comum de se ver. Nela temos os quatro baianos, Caetano Veloso, Gilberto Gil, Maria Bethania e Gal Costa em um de seus primeiros momentos, ainda nos anos 60 quando gravaram pela Victor. No meio das faixas dos baianos vem uma \u00fanica, &#8220;Disparada&#8221;, ao vivo, do paraibano Geraldo Vandr\u00e9, acompanhado pelo Trio Maray\u00e1. Como n\u00e3o poderia deixar de ser, uma colet\u00e2nea um tanto incompleta como \u00e9 comum \u00e0 discos desse tipo feitos no Brasil. N\u00e3o h\u00e1 exatamente um crit\u00e9rio de sele\u00e7\u00e3o, ou melhor, uma produ\u00e7\u00e3o criteriosa. Juntam o que tem \u00e0 m\u00e3o e mandam ver&#8230; Mas independente disso tudo, n\u00e3o deixa de ser um excelente disco reunindo momentos raros. Ta\u00ed um disco que eu cheguei a ver no Mercado Livre por 5 reais. T\u00e1 barato, sem d\u00favida (e talvez por ser colet\u00e2nea e sabe-se l\u00e1 em que estado), mas \u00e9 um vinil com um conte\u00fado reunido raro, que vale muito mais do que aparenta. Independente de qualquer coisa \u00e9 mais um disco que merece o nosso toque musical. Toca a\u00ed&#8230; \ud83d\ude09<\/p>\n<div><\/div>\n<div style=\"text-align: center;\">samba em paz &#8211; caetano veloso<\/div>\n<div style=\"text-align: center;\">sim, foi voc\u00ea &#8211; gal costa<\/div>\n<div style=\"text-align: center;\">prociss\u00e3o &#8211; gilberto gil<\/div>\n<div style=\"text-align: center;\">nunca mais &#8211; maria bethania<\/div>\n<div style=\"text-align: center;\">disparada &#8211; geraldo vandr\u00e9<\/div>\n<div style=\"text-align: center;\">no carnaval &#8211; maria bethania<\/div>\n<div style=\"text-align: center;\">roda &#8211; gilberto gil<\/div>\n<div style=\"text-align: center;\">eu vim da bahia &#8211; gal costa<\/div>\n<div style=\"text-align: center;\">cavaleiro &#8211; caetano veloso<\/div>\n<div style=\"text-align: center;\">eu vivo num tempo de guerra &#8211; maria bethania<\/div>\n<div style=\"text-align: center;\">iemanj\u00e1 &#8211; gilberto gil<\/div>\n<div style=\"text-align: center;\">pra que mentir &#8211; maria bethania<\/div>\n","protected":false},"excerpt":{"rendered":"<p>Ol\u00e1 amigos cultos e ocultos, bom dia! Hoje eu trago para voc\u00eas esta curiosa e muito interessante colet\u00e2nea lan\u00e7ada pela RCA Victor em 1975 (me parece que originalmente foi lan\u00e7ado em 1970). Trata-se de uma sele\u00e7\u00e3o rara, pouco comum de &hellip; <a href=\"https:\/\/www.toque-musicall.com\/?p=1128\">Continue lendo <span class=\"meta-nav\">&rarr;<\/span><\/a><\/p>\n","protected":false},"author":1,"featured_media":0,"comment_status":"open","ping_status":"closed","sticky":false,"template":"","format":"standard","meta":{"footnotes":""},"categories":[136,291,258,45,569,277],"tags":[],"class_list":["post-1128","post","type-post","status-publish","format-standard","hentry","category-caetano-veloso","category-gal-costa","category-geraldo-vandre","category-gilberto-gil","category-maria-bethania","category-selo-rca-camden"],"_links":{"self":[{"href":"https:\/\/www.toque-musicall.com\/index.php?rest_route=\/wp\/v2\/posts\/1128","targetHints":{"allow":["GET"]}}],"collection":[{"href":"https:\/\/www.toque-musicall.com\/index.php?rest_route=\/wp\/v2\/posts"}],"about":[{"href":"https:\/\/www.toque-musicall.com\/index.php?rest_route=\/wp\/v2\/types\/post"}],"author":[{"embeddable":true,"href":"https:\/\/www.toque-musicall.com\/index.php?rest_route=\/wp\/v2\/users\/1"}],"replies":[{"embeddable":true,"href":"https:\/\/www.toque-musicall.com\/index.php?rest_route=%2Fwp%2Fv2%2Fcomments&post=1128"}],"version-history":[{"count":1,"href":"https:\/\/www.toque-musicall.com\/index.php?rest_route=\/wp\/v2\/posts\/1128\/revisions"}],"predecessor-version":[{"id":4342,"href":"https:\/\/www.toque-musicall.com\/index.php?rest_route=\/wp\/v2\/posts\/1128\/revisions\/4342"}],"wp:attachment":[{"href":"https:\/\/www.toque-musicall.com\/index.php?rest_route=%2Fwp%2Fv2%2Fmedia&parent=1128"}],"wp:term":[{"taxonomy":"category","embeddable":true,"href":"https:\/\/www.toque-musicall.com\/index.php?rest_route=%2Fwp%2Fv2%2Fcategories&post=1128"},{"taxonomy":"post_tag","embeddable":true,"href":"https:\/\/www.toque-musicall.com\/index.php?rest_route=%2Fwp%2Fv2%2Ftags&post=1128"}],"curies":[{"name":"wp","href":"https:\/\/api.w.org\/{rel}","templated":true}]}}