{"id":11284,"date":"2025-07-19T14:12:49","date_gmt":"2025-07-19T17:12:49","guid":{"rendered":"https:\/\/www.toque-musicall.com\/?p=11284"},"modified":"2025-07-20T14:14:35","modified_gmt":"2025-07-20T17:14:35","slug":"abel-e-seu-conjunto-jantar-dancante-no2-1959","status":"publish","type":"post","link":"https:\/\/www.toque-musicall.com\/?p=11284","title":{"rendered":"Abel E Seu Conjunto &#8211; Jantar Dan\u00e7ante N\u00ba2 (1959)"},"content":{"rendered":"\n<figure class=\"wp-block-image size-large\"><img decoding=\"async\" src=\"https:\/\/blogger.googleusercontent.com\/img\/b\/R29vZ2xl\/AVvXsEi7WuTpHvigcM-VYMFVvXBUelz449-hURDVL7ISuItlhbqzuXvrVcrJjp3FPa8zjfUI4WoZ6UeMeJRyvoTOaCK-58uHn8VFumIIusUqxF828s7MrD62tKTENVoWc0ebXQU0NMxurJLkIyFRoxN2TaMKWBP5E1arpt6WWFQqKjh1fqYRxG-CDfLK2-NDPRoU\/w640-h626\/Capturar.JPG\" alt=\"\"\/><\/figure>\n\n\n\n<figure class=\"wp-block-image size-large\"><img decoding=\"async\" src=\"https:\/\/blogger.googleusercontent.com\/img\/b\/R29vZ2xl\/AVvXsEh2dejlFvMrplLlrKOI4oF8d_-PgRysnKLlFOl9QG4vUpmfj4ykXhWZjQUHxvWYAgRXcw_7_yJvnT5pjSkwMppS8l2wkMRxwu5W9E9XIAKBGEGDaF-9c0r3J53nWaS5DKf3i7oktPK22mRhyphenhyphenIdpJOYBvxFpUSZqU85_zsNOBrMO9PD9cPKKWlm36JR61GqW\/w640-h628\/Capturarb.JPG\" alt=\"\"\/><\/figure>\n\n\n<div class=\"separator\">Na sequencia de nossas postagem, temos para hoje este excelente lp de Abel Ferreira e seu conjunto, lan\u00e7ado em 1959 pelo selo Copacabana. Este disco, conforme indica o t\u00edtulo, \u00e9 o n\u00famro 2, um segundo lan\u00e7amento com o artista. Acopanhado por um conjunto com um time de m\u00fasicos de primeir\u00edssima, Abel Ferreira faz o &#8220;Jantar Dan\u00e7ante N\u00ba2 ser dos mais apetitosos e agrad\u00e1veis. O \u00e1lbum reflete um repert\u00f3rio dan\u00e7ante, com estilo misto de samba, bolero, bai\u00e3o e m\u00fasicas internacionais adaptadas. Muito bom, super recomendado \ud83d\ude09<\/div>\n<div class=\"separator\">\u00a0<\/div>\n<div class=\"separator\">lamento &#8211; chega de saudade<\/div>\n<div class=\"separator\">siete notas de amor &#8211; veneno<\/div>\n<div class=\"separator\">till &#8211; all the way<\/div>\n<div class=\"separator\">cabe\u00e7a inchada &#8211; maring\u00e1<\/div>\n<div class=\"separator\">recado<\/div>\n<div class=\"separator\">samba do teleco teco<\/div>\n<div class=\"separator\">no tabuleiro da baiana<\/div>\n<div class=\"separator\">o apito no samba<\/div>\n<div class=\"separator\">copacabana<\/div>\n<div class=\"separator\">evoca\u00e7\u00e3o<\/div>\n<div class=\"separator\">\u00a0<\/div>\n<div class=\"separator\">\u00a0<\/div>\n<div class=\"separator\">.<\/div>\n<div class=\"separator\">\u00a0<\/div>","protected":false},"excerpt":{"rendered":"<p>Na sequencia de nossas postagem, temos para hoje este excelente lp de Abel Ferreira e seu conjunto, lan\u00e7ado em 1959 pelo selo Copacabana. Este disco, conforme indica o t\u00edtulo, \u00e9 o n\u00famro 2, um segundo lan\u00e7amento com o artista. Acopanhado &hellip; <a href=\"https:\/\/www.toque-musicall.com\/?p=11284\">Continue lendo <span class=\"meta-nav\">&rarr;<\/span><\/a><\/p>\n","protected":false},"author":1,"featured_media":0,"comment_status":"closed","ping_status":"closed","sticky":false,"template":"","format":"standard","meta":{"footnotes":""},"categories":[1],"tags":[3795,3108],"class_list":["post-11284","post","type-post","status-publish","format-standard","hentry","category-sem-categoria","tag-abel-ferreira","tag-selo-copacabana"],"_links":{"self":[{"href":"https:\/\/www.toque-musicall.com\/index.php?rest_route=\/wp\/v2\/posts\/11284","targetHints":{"allow":["GET"]}}],"collection":[{"href":"https:\/\/www.toque-musicall.com\/index.php?rest_route=\/wp\/v2\/posts"}],"about":[{"href":"https:\/\/www.toque-musicall.com\/index.php?rest_route=\/wp\/v2\/types\/post"}],"author":[{"embeddable":true,"href":"https:\/\/www.toque-musicall.com\/index.php?rest_route=\/wp\/v2\/users\/1"}],"replies":[{"embeddable":true,"href":"https:\/\/www.toque-musicall.com\/index.php?rest_route=%2Fwp%2Fv2%2Fcomments&post=11284"}],"version-history":[{"count":1,"href":"https:\/\/www.toque-musicall.com\/index.php?rest_route=\/wp\/v2\/posts\/11284\/revisions"}],"predecessor-version":[{"id":11285,"href":"https:\/\/www.toque-musicall.com\/index.php?rest_route=\/wp\/v2\/posts\/11284\/revisions\/11285"}],"wp:attachment":[{"href":"https:\/\/www.toque-musicall.com\/index.php?rest_route=%2Fwp%2Fv2%2Fmedia&parent=11284"}],"wp:term":[{"taxonomy":"category","embeddable":true,"href":"https:\/\/www.toque-musicall.com\/index.php?rest_route=%2Fwp%2Fv2%2Fcategories&post=11284"},{"taxonomy":"post_tag","embeddable":true,"href":"https:\/\/www.toque-musicall.com\/index.php?rest_route=%2Fwp%2Fv2%2Ftags&post=11284"}],"curies":[{"name":"wp","href":"https:\/\/api.w.org\/{rel}","templated":true}]}}