{"id":11286,"date":"2025-07-20T19:47:54","date_gmt":"2025-07-20T22:47:54","guid":{"rendered":"https:\/\/www.toque-musicall.com\/?p=11286"},"modified":"2025-07-20T19:47:54","modified_gmt":"2025-07-20T22:47:54","slug":"pascoal-meirelles-anna-1987","status":"publish","type":"post","link":"https:\/\/www.toque-musicall.com\/?p=11286","title":{"rendered":"Pascoal Meirelles &#8211; Anna (1987)"},"content":{"rendered":"\n<figure class=\"wp-block-image size-large\"><img decoding=\"async\" src=\"https:\/\/blogger.googleusercontent.com\/img\/b\/R29vZ2xl\/AVvXsEhIBDzgZ8d0oYkS_BXmL18lVs9lPrBSVlFK_-Hkz3Id4L4GbsokEI5YXRIo7EpL9uQkMbvjEp7HIfkpxrDtuSGpZu7cDdSLaGjVhvosx0qtwCfvj29LUc8pmrsdr4mTjpBWIeY5nmoVyxZiyWooaNnivWl3HRP8CCUsT-IZYz20JQRK2Qub1O1eaVh6Cbqa\/w640-h636\/Capturar.JPG\" alt=\"\"\/><\/figure>\n\n\n\n<figure class=\"wp-block-image size-large\"><img decoding=\"async\" src=\"https:\/\/blogger.googleusercontent.com\/img\/b\/R29vZ2xl\/AVvXsEj6tuyoxYjDl9zntBn3XoaqwByYIUoxZh7807vP2V5g0xUqKinKlKjZfzJp1IVSzy0C4ZmSfHZB8JXuGjb10zPi_5Rx2Ix5W20PL9erxTR8ksnd6nLpTl007jMa35XiylPpK9sBWVlQU5eb0rew95wLm9DBb2deJoUj1djZMiSqa-tMojGu9lf_faqMgxd6\/w640-h640\/Capturarb.JPG\" alt=\"\"\/><\/figure>\n\n\n<div class=\"separator\">Neste &#8216;drops&#8217; sortido do nosso m\u00eas de julho, m\u00eas de anivers\u00e1rio, que representa bem a diversidade fonomusical do Toque Musical, hoje vamos com m\u00fasica instrumental moderna. Temos aqui &#8220;Anna&#8221;, album pouco conhecido do grande baterista, compositor e arranjador Pascoal Meireles. J\u00e1 apresentamos ele por aqui e agora temos este trabalho dedicado \u00e0 sua filha. Um trabalho de car\u00e1ter um tanto \u00edntimo e emotivo, totalmente autoral. Pascoal vem acompanhado por um time de m\u00fasicos de primeir\u00edssima como Mauro Senise, Arthur Maia, Jacques Morelenbaum, Wagner Tiso, Victor Biglione e outros que podem ser conferidos nos cr\u00e9ditos e nas faixas&#8230;.<\/div>\n<div class=\"separator\">\u00a0<\/div>\n<div class=\"separator\">maracatudo<\/div>\n<div class=\"separator\">ijex\u00e1<\/div>\n<div class=\"separator\">anna<\/div>\n<div class=\"separator\">duelo<\/div>\n<div class=\"separator\">pentotal<\/div>\n<div class=\"separator\">juruviara<\/div>\n<div class=\"separator\">tom<\/div>\n<div class=\"separator\">\u00a0<\/div>\n<div class=\"separator\">\u00a0<\/div>\n<div class=\"separator\">.<\/div>","protected":false},"excerpt":{"rendered":"<p>Neste &#8216;drops&#8217; sortido do nosso m\u00eas de julho, m\u00eas de anivers\u00e1rio, que representa bem a diversidade fonomusical do Toque Musical, hoje vamos com m\u00fasica instrumental moderna. Temos aqui &#8220;Anna&#8221;, album pouco conhecido do grande baterista, compositor e arranjador Pascoal Meireles. &hellip; <a href=\"https:\/\/www.toque-musicall.com\/?p=11286\">Continue lendo <span class=\"meta-nav\">&rarr;<\/span><\/a><\/p>\n","protected":false},"author":1,"featured_media":0,"comment_status":"closed","ping_status":"closed","sticky":false,"template":"","format":"standard","meta":{"footnotes":""},"categories":[1],"tags":[6013,3017],"class_list":["post-11286","post","type-post","status-publish","format-standard","hentry","category-sem-categoria","tag-pascoal-meirelles","tag-selo-independente"],"_links":{"self":[{"href":"https:\/\/www.toque-musicall.com\/index.php?rest_route=\/wp\/v2\/posts\/11286","targetHints":{"allow":["GET"]}}],"collection":[{"href":"https:\/\/www.toque-musicall.com\/index.php?rest_route=\/wp\/v2\/posts"}],"about":[{"href":"https:\/\/www.toque-musicall.com\/index.php?rest_route=\/wp\/v2\/types\/post"}],"author":[{"embeddable":true,"href":"https:\/\/www.toque-musicall.com\/index.php?rest_route=\/wp\/v2\/users\/1"}],"replies":[{"embeddable":true,"href":"https:\/\/www.toque-musicall.com\/index.php?rest_route=%2Fwp%2Fv2%2Fcomments&post=11286"}],"version-history":[{"count":1,"href":"https:\/\/www.toque-musicall.com\/index.php?rest_route=\/wp\/v2\/posts\/11286\/revisions"}],"predecessor-version":[{"id":11287,"href":"https:\/\/www.toque-musicall.com\/index.php?rest_route=\/wp\/v2\/posts\/11286\/revisions\/11287"}],"wp:attachment":[{"href":"https:\/\/www.toque-musicall.com\/index.php?rest_route=%2Fwp%2Fv2%2Fmedia&parent=11286"}],"wp:term":[{"taxonomy":"category","embeddable":true,"href":"https:\/\/www.toque-musicall.com\/index.php?rest_route=%2Fwp%2Fv2%2Fcategories&post=11286"},{"taxonomy":"post_tag","embeddable":true,"href":"https:\/\/www.toque-musicall.com\/index.php?rest_route=%2Fwp%2Fv2%2Ftags&post=11286"}],"curies":[{"name":"wp","href":"https:\/\/api.w.org\/{rel}","templated":true}]}}