{"id":11288,"date":"2025-07-22T19:18:06","date_gmt":"2025-07-22T22:18:06","guid":{"rendered":"https:\/\/www.toque-musicall.com\/?p=11288"},"modified":"2025-07-22T19:18:06","modified_gmt":"2025-07-22T22:18:06","slug":"maria-nazareth-sem-voce-1976","status":"publish","type":"post","link":"https:\/\/www.toque-musicall.com\/?p=11288","title":{"rendered":"Maria Nazareth &#8211; Sem Voc\u00ea (1976)"},"content":{"rendered":"\n<figure class=\"wp-block-image size-large\"><img decoding=\"async\" src=\"https:\/\/blogger.googleusercontent.com\/img\/b\/R29vZ2xl\/AVvXsEjYMtmeA3cJdjsr6vg7SNg-Q_TVc3tsjeEP4EcqqE1B0e3WHf81CyX7PY3Oq1ryEuckfva5Bz2YNoyZtEswRLVql0KlzcRb6NzrzEm4qqUX_vuySLdZ8ei-rh03nMtgfsjfptZLY62G8r-vgynJ3xBYqZa4iFXBbyT_GBtobN3vmGjicKKVwt127_14IiYs\/w640-h640\/capa.jpg\" alt=\"\"\/><\/figure>\n\n\n\n<figure class=\"wp-block-image size-large\"><img decoding=\"async\" src=\"https:\/\/blogger.googleusercontent.com\/img\/b\/R29vZ2xl\/AVvXsEgEKOEzhtYpK4L_FyUJosekIvmNzBaq7WB6MnT_s_bydhOVy5yht4BxdDlI4ofMmgl9Oj206ZLxfPoGPUYtBCaLoteKI2Hv8IH5N618MggKzYG0Uvec6ffvThZLdDcQybL9RcWugSbg79XXOE2VCLPNPcGt6jiamrkb_WEDCGuJQ-5Bz8H-Ml86aUHhmPsr\/w640-h638\/capacaot.jpg\" alt=\"\"\/><\/figure>\n\n\n\n<figure class=\"wp-block-image size-large\"><img decoding=\"async\" src=\"https:\/\/blogger.googleusercontent.com\/img\/b\/R29vZ2xl\/AVvXsEh_f2iUsjkiHdS5f9Z7e2zuGlH67c30lYaE8nRHWposJEnrZB20zegrdEEBh1eq3-z1zu8VkF0h73ZMTe3uxTwgfPO-pMtN7HXmZHRS18KIj-Q0cV-jbUtwH-pwoQm0BvPI_WhyphenhyphenAr_3tY22L-Ay49X7v4Kz43d0daBrUHIpnZAHya7UxHhSGAhUPxAEXN9n\/w640-h542\/Capturarbf.JPG\" alt=\"\"\/><\/figure>\n\n\n<div class=\"separator\">Hoje temos este disco aqui e que por certo, poucos conhecem. Estamos falando de Maria Nazareth, cantora paraense que iniciou sua carreira no inicio dos anos 60. Fez parte do conjunto de Alberto Mota, depois gravou seu primeiro disco, um compacto, o qual n\u00f3s j\u00e1 apresentamos aqui. Maria Nazareth tamb\u00e9m acompanhou o violonista Sebasti\u00e3o Tapaj\u00f3s e gravou com ele um lp na Argentina. Em seguida, ainda na Argentina, ela gravou este lp, lan\u00e7ado por l\u00e1 em 1976 e ao que parece, nunca foi lan\u00e7ado no Brasil. Chegou a ser relan\u00e7ado em cd tempos depois, mas numa tiragem pequena pela Ediciones Rayuela. Este \u00e9 um disco que vale a pena ouvir tanto pelo repert\u00f3rio cheio de classicos da mpb, como pela sonoridade e arranjos. Nazareth vem acompanhada de um \u00f3timo conjunto de m\u00fasicos argentinos. N\u00e3o h\u00e1 refer\u00eancia sobre quem est\u00e1 tocando o viol\u00e3o, seria a pr\u00f3pria cantora? Ou quem sabe o Sebasti\u00e3o Tapaj\u00f3s, por quest\u00f5es contratuais, n\u00e3o teve o nome no disco? Essa \u00e9 uma d\u00favida e uma suposi\u00e7\u00e3o, quem tiver a resposta, encaminha para n\u00f3s.\u00a0<\/div>\n<div class=\"separator\">\u00a0<\/div>\n<div class=\"separator\">foi no carnaval<\/div>\n<div class=\"separator\">sem voc\u00ea<\/div>\n<div class=\"separator\">estrada do nada<\/div>\n<div class=\"separator\">chove<\/div>\n<div class=\"separator\">um sonho para dois<\/div>\n<div class=\"separator\">nosso cantinho<\/div>\n<div class=\"separator\">gira roda<\/div>\n<div class=\"separator\">o que tinha de ser<\/div>\n<div class=\"separator\">a vila<\/div>\n<div class=\"separator\">bom dia tristeza<\/div>\n<div class=\"separator\">carinho e amor<\/div>\n<div class=\"separator\">a morte de um deus de sal<\/div>\n<div class=\"separator\">\u00a0<\/div>\n<div class=\"separator\">\u00a0<\/div>\n<div class=\"separator\">\u00a0<\/div>","protected":false},"excerpt":{"rendered":"<p>Hoje temos este disco aqui e que por certo, poucos conhecem. Estamos falando de Maria Nazareth, cantora paraense que iniciou sua carreira no inicio dos anos 60. Fez parte do conjunto de Alberto Mota, depois gravou seu primeiro disco, um &hellip; <a href=\"https:\/\/www.toque-musicall.com\/?p=11288\">Continue lendo <span class=\"meta-nav\">&rarr;<\/span><\/a><\/p>\n","protected":false},"author":1,"featured_media":0,"comment_status":"closed","ping_status":"closed","sticky":false,"template":"","format":"standard","meta":{"footnotes":""},"categories":[1],"tags":[5930,6014],"class_list":["post-11288","post","type-post","status-publish","format-standard","hentry","category-sem-categoria","tag-maria-nazareth","tag-selo-argentina-producciones-fonograficas"],"_links":{"self":[{"href":"https:\/\/www.toque-musicall.com\/index.php?rest_route=\/wp\/v2\/posts\/11288","targetHints":{"allow":["GET"]}}],"collection":[{"href":"https:\/\/www.toque-musicall.com\/index.php?rest_route=\/wp\/v2\/posts"}],"about":[{"href":"https:\/\/www.toque-musicall.com\/index.php?rest_route=\/wp\/v2\/types\/post"}],"author":[{"embeddable":true,"href":"https:\/\/www.toque-musicall.com\/index.php?rest_route=\/wp\/v2\/users\/1"}],"replies":[{"embeddable":true,"href":"https:\/\/www.toque-musicall.com\/index.php?rest_route=%2Fwp%2Fv2%2Fcomments&post=11288"}],"version-history":[{"count":1,"href":"https:\/\/www.toque-musicall.com\/index.php?rest_route=\/wp\/v2\/posts\/11288\/revisions"}],"predecessor-version":[{"id":11289,"href":"https:\/\/www.toque-musicall.com\/index.php?rest_route=\/wp\/v2\/posts\/11288\/revisions\/11289"}],"wp:attachment":[{"href":"https:\/\/www.toque-musicall.com\/index.php?rest_route=%2Fwp%2Fv2%2Fmedia&parent=11288"}],"wp:term":[{"taxonomy":"category","embeddable":true,"href":"https:\/\/www.toque-musicall.com\/index.php?rest_route=%2Fwp%2Fv2%2Fcategories&post=11288"},{"taxonomy":"post_tag","embeddable":true,"href":"https:\/\/www.toque-musicall.com\/index.php?rest_route=%2Fwp%2Fv2%2Ftags&post=11288"}],"curies":[{"name":"wp","href":"https:\/\/api.w.org\/{rel}","templated":true}]}}