{"id":11291,"date":"2025-07-21T15:38:53","date_gmt":"2025-07-21T18:38:53","guid":{"rendered":"https:\/\/www.toque-musicall.com\/?p=11291"},"modified":"2025-07-23T15:41:59","modified_gmt":"2025-07-23T18:41:59","slug":"o-pequeno-principe-1957-1981","status":"publish","type":"post","link":"https:\/\/www.toque-musicall.com\/?p=11291","title":{"rendered":"O Pequeno Pr\u00edncipe 1957 (1981)"},"content":{"rendered":"\n<figure class=\"wp-block-image size-large\"><img decoding=\"async\" src=\"https:\/\/blogger.googleusercontent.com\/img\/b\/R29vZ2xl\/AVvXsEjchyphenhyphenLAkZt28yVkAxPzJKnvoMe2lQ3jF1farm3N27w9mDlXsv7VCbl2AdUYE1D2biFri0dxQ9ywwjUXhoKy9eejLp2t4thGgvtkKQFIQ-IXmk29QUnbiLqXc9x-lVDWA128u4LOvu7VpuikiTKVWX9ICjDn7PFbwLgbvNJUhhIxGfc3ttS89oX18-pssNv1\/w640-h624\/Capturar.JPG\" alt=\"\"\/><\/figure>\n\n\n\n<figure class=\"wp-block-image size-large\"><img decoding=\"async\" src=\"https:\/\/blogger.googleusercontent.com\/img\/b\/R29vZ2xl\/AVvXsEh7-O99WB2i5d2NsfAFHtNf8_7xo4-lOWwAidcxECUFuCKq_gjtmhPZJbHbTobu8-ZbRpSElEstkEpdCC8sSGCdMLlSAthAr8tqZt13oq24HRCOTA7ttI7Eb9aNKQ0QCAM9hoeDC7gvTouy577_7Wzhes2LX5aEpjDbv7FJar9WOWpjcGaR5_FkqIl5_I2g\/w640-h636\/Capturarb.JPG\" alt=\"\"\/><\/figure>\n\n\n<div class=\"separator\">Outra boa que sempre prezamos por aqui s\u00e3o discos, n\u00e3o necessariamente musicais, mas tamb\u00e9m para outros fins sonoros, curiosidades de todos os tipos, m\u00fasica para se ouvir com outros olhos \ud83d\ude42<\/div>\n<div class=\"separator\">Desta vez temos um dos relan\u00e7amentos feitos pela PolyGram, em 1981 para alguns dos mais expressivos discos de 10 polegadas, do memor\u00e1vel selo\u00a0 Festa. Os discos foram relan\u00e7ados em formato 12 polegadas, tal qual como este de 1957, &#8220;O Pequeno Pr\u00edncipe&#8221;, da obra de Antoine De Saint-Exupery na interpreta\u00e7\u00e3o de Paulo Autran e Gl\u00f3ria Cometh. A trilha de fundo musical \u00e9 de Antonio Carlos Jobim. O lp de 10 polegadas e original da \u00e9poca j\u00e1 foi postado, em outros tempos, aqui no Toque Musical. Eis a\u00ed uma segunda chance para conhecer o disco&#8230;<\/div>\n<div class=\"separator\">\u00a0<\/div>\n<div class=\"separator\">.<\/div>","protected":false},"excerpt":{"rendered":"<p>Outra boa que sempre prezamos por aqui s\u00e3o discos, n\u00e3o necessariamente musicais, mas tamb\u00e9m para outros fins sonoros, curiosidades de todos os tipos, m\u00fasica para se ouvir com outros olhos \ud83d\ude42 Desta vez temos um dos relan\u00e7amentos feitos pela PolyGram, &hellip; <a href=\"https:\/\/www.toque-musicall.com\/?p=11291\">Continue lendo <span class=\"meta-nav\">&rarr;<\/span><\/a><\/p>\n","protected":false},"author":1,"featured_media":0,"comment_status":"closed","ping_status":"closed","sticky":false,"template":"","format":"standard","meta":{"footnotes":""},"categories":[1],"tags":[3438,6015,3358],"class_list":["post-11291","post","type-post","status-publish","format-standard","hentry","category-sem-categoria","tag-antonio-carlos-jobim","tag-o-pequeno-principe","tag-selo-festa"],"_links":{"self":[{"href":"https:\/\/www.toque-musicall.com\/index.php?rest_route=\/wp\/v2\/posts\/11291","targetHints":{"allow":["GET"]}}],"collection":[{"href":"https:\/\/www.toque-musicall.com\/index.php?rest_route=\/wp\/v2\/posts"}],"about":[{"href":"https:\/\/www.toque-musicall.com\/index.php?rest_route=\/wp\/v2\/types\/post"}],"author":[{"embeddable":true,"href":"https:\/\/www.toque-musicall.com\/index.php?rest_route=\/wp\/v2\/users\/1"}],"replies":[{"embeddable":true,"href":"https:\/\/www.toque-musicall.com\/index.php?rest_route=%2Fwp%2Fv2%2Fcomments&post=11291"}],"version-history":[{"count":1,"href":"https:\/\/www.toque-musicall.com\/index.php?rest_route=\/wp\/v2\/posts\/11291\/revisions"}],"predecessor-version":[{"id":11292,"href":"https:\/\/www.toque-musicall.com\/index.php?rest_route=\/wp\/v2\/posts\/11291\/revisions\/11292"}],"wp:attachment":[{"href":"https:\/\/www.toque-musicall.com\/index.php?rest_route=%2Fwp%2Fv2%2Fmedia&parent=11291"}],"wp:term":[{"taxonomy":"category","embeddable":true,"href":"https:\/\/www.toque-musicall.com\/index.php?rest_route=%2Fwp%2Fv2%2Fcategories&post=11291"},{"taxonomy":"post_tag","embeddable":true,"href":"https:\/\/www.toque-musicall.com\/index.php?rest_route=%2Fwp%2Fv2%2Ftags&post=11291"}],"curies":[{"name":"wp","href":"https:\/\/api.w.org\/{rel}","templated":true}]}}