{"id":11293,"date":"2025-07-23T16:06:07","date_gmt":"2025-07-23T19:06:07","guid":{"rendered":"https:\/\/www.toque-musicall.com\/?p=11293"},"modified":"2025-07-23T16:06:07","modified_gmt":"2025-07-23T19:06:07","slug":"fats-elpidio-musica-e-penumbra-1958","status":"publish","type":"post","link":"https:\/\/www.toque-musicall.com\/?p=11293","title":{"rendered":"Fats Elpidio &#8211; M\u00fasica E Penumbra (1958)"},"content":{"rendered":"\n<figure class=\"wp-block-image size-large\"><img decoding=\"async\" src=\"https:\/\/blogger.googleusercontent.com\/img\/b\/R29vZ2xl\/AVvXsEiFEUxfGsNuWtwoE8_kcEyV-BNzQEiZ7apSqgBcKPDsoLKTtMJWMO3YISzA_EJv_bMg2-pjRe8kL4MQ7aBvcdlGpNPXzEhOnpG-66wdcZjJceT877AJ-boxH6Z5p-Wwy5AnKvlrLO3zjoZNgV9xIaEqgM8-qpkJHX8zB7Gt-0c1SE48KGd2JVK7cI9jK7qy\/w640-h624\/capap.JPG\" alt=\"\"\/><\/figure>\n\n\n\n<figure class=\"wp-block-image size-large\"><img decoding=\"async\" src=\"https:\/\/blogger.googleusercontent.com\/img\/b\/R29vZ2xl\/AVvXsEhe-essKaZiZSxRd8fHVrj5rgYW_eZO4QfNzsSNg1Yynh1LVQIhegHOdzab1Y5xrRnmP5ac2E9nP3AM_U_4EnD7chnDJ9Y_AFC7T5SGIpSRSh2cWtfUIE8-9xxdgOf74wz9jBbzycHUULZ0PFkxoZi3V6oWfEyY4bOYXnX5Z7u_6iBQ1TP_Eir6u4-W9t_g\/w640-h624\/contrap.JPG\" alt=\"\"\/><\/figure>\n\n\n<div class=\"separator\">Hoje vamos com Fats Elp\u00eddio, pianista pernambucano, o qual j\u00e1 apresentamos aqui em outras postagens. Agora temos este lp de 12 polegadas, lan\u00e7ado pela RCA Victor em 1958. Trata-se de uma continua\u00e7\u00e3o do seu lp de 57, o volume 1. Fats ainda gravaria um terceiro volume em 1960.\u00a0<\/div>\n<div class=\"separator\"><span class=\"relative -mx-px my-[-0.2rem] rounded px-px py-[0.2rem] transition-colors duration-100 ease-in-out\">O repert\u00f3rio deste disco inclui vers\u00f5es de &#8216;standards&#8217;, como \u201cOn the Trail\u201d de Grof\u00e9, montagens instrumentais e sambas-can\u00e7\u00e3o, oferecendo uma mescla de jazz instrumental e arranjos adaptados \u00e0 est\u00e9tica brasileira da \u00e9poca. Por hora vamos com este segundo volume, logo que poss\u00edvel traremos os outro dois.<\/span><\/div>\n<div class=\"separator\"><span class=\"relative -mx-px my-[-0.2rem] rounded px-px py-[0.2rem] transition-colors duration-100 ease-in-out\">\u00a0<\/span><\/div>\n<div class=\"separator\"><span class=\"relative -mx-px my-[-0.2rem] rounded px-px py-[0.2rem] transition-colors duration-100 ease-in-out\">an affair to remember<\/span><\/div>\n<div class=\"separator\"><span class=\"relative -mx-px my-[-0.2rem] rounded px-px py-[0.2rem] transition-colors duration-100 ease-in-out\">love me forever<\/span><\/div>\n<div class=\"separator\"><span class=\"relative -mx-px my-[-0.2rem] rounded px-px py-[0.2rem] transition-colors duration-100 ease-in-out\">ou\u00e7a<\/span><\/div>\n<div class=\"separator\"><span class=\"relative -mx-px my-[-0.2rem] rounded px-px py-[0.2rem] transition-colors duration-100 ease-in-out\">cuban love song<\/span><\/div>\n<div class=\"separator\"><span class=\"relative -mx-px my-[-0.2rem] rounded px-px py-[0.2rem] transition-colors duration-100 ease-in-out\">on the trail<\/span><\/div>\n<div class=\"separator\"><span class=\"relative -mx-px my-[-0.2rem] rounded px-px py-[0.2rem] transition-colors duration-100 ease-in-out\">tenha pena de mim<\/span><\/div>\n<div class=\"separator\"><span class=\"relative -mx-px my-[-0.2rem] rounded px-px py-[0.2rem] transition-colors duration-100 ease-in-out\">it&#8217;s not for me to say<\/span><\/div>\n<div class=\"separator\"><span class=\"relative -mx-px my-[-0.2rem] rounded px-px py-[0.2rem] transition-colors duration-100 ease-in-out\">alone<\/span><\/div>\n<div class=\"separator\"><span class=\"relative -mx-px my-[-0.2rem] rounded px-px py-[0.2rem] transition-colors duration-100 ease-in-out\">sua m\u00e3os<\/span><\/div>\n<div class=\"separator\"><span class=\"relative -mx-px my-[-0.2rem] rounded px-px py-[0.2rem] transition-colors duration-100 ease-in-out\">moleque sarado<\/span><\/div>\n<div class=\"separator\"><span class=\"relative -mx-px my-[-0.2rem] rounded px-px py-[0.2rem] transition-colors duration-100 ease-in-out\">so in love<\/span><\/div>\n<div class=\"separator\"><span class=\"relative -mx-px my-[-0.2rem] rounded px-px py-[0.2rem] transition-colors duration-100 ease-in-out\">convite ao samba<\/span><\/div>\n<div class=\"separator\"><span class=\"relative -mx-px my-[-0.2rem] rounded px-px py-[0.2rem] transition-colors duration-100 ease-in-out\">\u00a0<\/span><\/div>\n<div class=\"separator\"><span class=\"relative -mx-px my-[-0.2rem] rounded px-px py-[0.2rem] transition-colors duration-100 ease-in-out\">\u00a0<\/span><\/div>\n<div class=\"separator\"><span class=\"relative -mx-px my-[-0.2rem] rounded px-px py-[0.2rem] transition-colors duration-100 ease-in-out\">.<\/span><\/div>","protected":false},"excerpt":{"rendered":"<p>Hoje vamos com Fats Elp\u00eddio, pianista pernambucano, o qual j\u00e1 apresentamos aqui em outras postagens. Agora temos este lp de 12 polegadas, lan\u00e7ado pela RCA Victor em 1958. Trata-se de uma continua\u00e7\u00e3o do seu lp de 57, o volume 1. &hellip; <a href=\"https:\/\/www.toque-musicall.com\/?p=11293\">Continue lendo <span class=\"meta-nav\">&rarr;<\/span><\/a><\/p>\n","protected":false},"author":1,"featured_media":0,"comment_status":"closed","ping_status":"closed","sticky":false,"template":"","format":"standard","meta":{"footnotes":""},"categories":[1],"tags":[4655,3061],"class_list":["post-11293","post","type-post","status-publish","format-standard","hentry","category-sem-categoria","tag-fats-elpidio-3","tag-selo-rca-victor"],"_links":{"self":[{"href":"https:\/\/www.toque-musicall.com\/index.php?rest_route=\/wp\/v2\/posts\/11293","targetHints":{"allow":["GET"]}}],"collection":[{"href":"https:\/\/www.toque-musicall.com\/index.php?rest_route=\/wp\/v2\/posts"}],"about":[{"href":"https:\/\/www.toque-musicall.com\/index.php?rest_route=\/wp\/v2\/types\/post"}],"author":[{"embeddable":true,"href":"https:\/\/www.toque-musicall.com\/index.php?rest_route=\/wp\/v2\/users\/1"}],"replies":[{"embeddable":true,"href":"https:\/\/www.toque-musicall.com\/index.php?rest_route=%2Fwp%2Fv2%2Fcomments&post=11293"}],"version-history":[{"count":1,"href":"https:\/\/www.toque-musicall.com\/index.php?rest_route=\/wp\/v2\/posts\/11293\/revisions"}],"predecessor-version":[{"id":11294,"href":"https:\/\/www.toque-musicall.com\/index.php?rest_route=\/wp\/v2\/posts\/11293\/revisions\/11294"}],"wp:attachment":[{"href":"https:\/\/www.toque-musicall.com\/index.php?rest_route=%2Fwp%2Fv2%2Fmedia&parent=11293"}],"wp:term":[{"taxonomy":"category","embeddable":true,"href":"https:\/\/www.toque-musicall.com\/index.php?rest_route=%2Fwp%2Fv2%2Fcategories&post=11293"},{"taxonomy":"post_tag","embeddable":true,"href":"https:\/\/www.toque-musicall.com\/index.php?rest_route=%2Fwp%2Fv2%2Ftags&post=11293"}],"curies":[{"name":"wp","href":"https:\/\/api.w.org\/{rel}","templated":true}]}}