{"id":11299,"date":"2025-07-26T14:53:17","date_gmt":"2025-07-26T17:53:17","guid":{"rendered":"https:\/\/www.toque-musicall.com\/?p=11299"},"modified":"2025-07-28T14:55:54","modified_gmt":"2025-07-28T17:55:54","slug":"trio-maraya-balanco-zona-sul-1966","status":"publish","type":"post","link":"https:\/\/www.toque-musicall.com\/?p=11299","title":{"rendered":"Trio Maray\u00e1 &#8211; Balan\u00e7o Zona Sul (1966)"},"content":{"rendered":"\n<figure class=\"wp-block-image size-large\"><img decoding=\"async\" src=\"https:\/\/blogger.googleusercontent.com\/img\/b\/R29vZ2xl\/AVvXsEi79NMqQq1HGpSJ1hcT0pGvQofQOyEdLZE8cYkleLxpAc7D9t-nW9zjE2fAmr_Hh9lIu_KlrPmvOEIGDnudxld1bFeHnNs0uFyPp99nzRIZL9cJW0YPO6UjlUZmehGm-2xfMTiB9RCDkD3rraeLqGDieqLHGQBVVPFXUhUI8jH53chedpFJW0-76J9JGJsz\/w640-h640\/Capturar.JPG\" alt=\"\"\/><\/figure>\n\n\n\n<figure class=\"wp-block-image size-large\"><img decoding=\"async\" src=\"https:\/\/blogger.googleusercontent.com\/img\/b\/R29vZ2xl\/AVvXsEjvENEtc0dyA30CH4QPv8pYBZZbKfnleuXpov95M2XdPVAljnLSCGCPce4_BhP94z1j5oy_1MOKNqfP0zg-5rKkcsWhFvhZLo0lGw9fI9VN0hShgXE7EeV4Ny4QP5mwNrFpBACKGrC1BennaA3WOaGv0oMV-vuE6aw6OR2rtCkUFqZnMRgHQYMZAXT7172G\/w640-h640\/Capturarb.JPG\" alt=\"\"\/><\/figure>\n\n\n<div class=\"separator\">E vamos de compacto, porque disco de 7 polegadas aqui tamb\u00e9m sempre tem vez. E como tem&#8230;\u00a0<\/div>\n<div class=\"separator\">Temos ent\u00e3o, o Trio Maray\u00e1, grupo surgido nos anos 50, em Natal, no Rio Grande do Norte. Fromado por Behring Leiros, Marconi Campos e Hilton Acioli, foi um conjunto que atuou nos 50 e 60. Eles se destacaram em boates, no r\u00e1dio e na televis\u00e3o, partiparam de festivais e fizeram turn\u00eas internacionais.<\/div>\n<div class=\"separator\">Este compacto duplo, &#8220;Balan\u00e7o Zona Sul&#8221;, foi lan\u00e7ado em 1966 pela Chantecler. E como podemos ver pela contracapa, temos quatro temas bem bacana&#8230;<\/div>\n<div class=\"separator\">\u00a0<\/div>\n<div class=\"separator\">sabor de nada<\/div>\n<div class=\"separator\">balan\u00e7o zona sul<\/div>\n<div class=\"separator\">quem \u00e9 homem n\u00e3o chora<\/div>\n<div class=\"separator\">chorando adormeci<\/div>\n<div class=\"separator\">\u00a0<\/div>\n<div class=\"separator\">.<\/div>","protected":false},"excerpt":{"rendered":"<p>E vamos de compacto, porque disco de 7 polegadas aqui tamb\u00e9m sempre tem vez. E como tem&#8230;\u00a0 Temos ent\u00e3o, o Trio Maray\u00e1, grupo surgido nos anos 50, em Natal, no Rio Grande do Norte. Fromado por Behring Leiros, Marconi Campos &hellip; <a href=\"https:\/\/www.toque-musicall.com\/?p=11299\">Continue lendo <span class=\"meta-nav\">&rarr;<\/span><\/a><\/p>\n","protected":false},"author":1,"featured_media":0,"comment_status":"closed","ping_status":"closed","sticky":false,"template":"","format":"standard","meta":{"footnotes":""},"categories":[1],"tags":[3072,3073,6018],"class_list":["post-11299","post","type-post","status-publish","format-standard","hentry","category-sem-categoria","tag-compactos","tag-selo-chantecler","tag-trio-maraya"],"_links":{"self":[{"href":"https:\/\/www.toque-musicall.com\/index.php?rest_route=\/wp\/v2\/posts\/11299","targetHints":{"allow":["GET"]}}],"collection":[{"href":"https:\/\/www.toque-musicall.com\/index.php?rest_route=\/wp\/v2\/posts"}],"about":[{"href":"https:\/\/www.toque-musicall.com\/index.php?rest_route=\/wp\/v2\/types\/post"}],"author":[{"embeddable":true,"href":"https:\/\/www.toque-musicall.com\/index.php?rest_route=\/wp\/v2\/users\/1"}],"replies":[{"embeddable":true,"href":"https:\/\/www.toque-musicall.com\/index.php?rest_route=%2Fwp%2Fv2%2Fcomments&post=11299"}],"version-history":[{"count":1,"href":"https:\/\/www.toque-musicall.com\/index.php?rest_route=\/wp\/v2\/posts\/11299\/revisions"}],"predecessor-version":[{"id":11300,"href":"https:\/\/www.toque-musicall.com\/index.php?rest_route=\/wp\/v2\/posts\/11299\/revisions\/11300"}],"wp:attachment":[{"href":"https:\/\/www.toque-musicall.com\/index.php?rest_route=%2Fwp%2Fv2%2Fmedia&parent=11299"}],"wp:term":[{"taxonomy":"category","embeddable":true,"href":"https:\/\/www.toque-musicall.com\/index.php?rest_route=%2Fwp%2Fv2%2Fcategories&post=11299"},{"taxonomy":"post_tag","embeddable":true,"href":"https:\/\/www.toque-musicall.com\/index.php?rest_route=%2Fwp%2Fv2%2Ftags&post=11299"}],"curies":[{"name":"wp","href":"https:\/\/api.w.org\/{rel}","templated":true}]}}