{"id":1130,"date":"2009-08-03T09:42:00","date_gmt":"2009-08-03T09:42:00","guid":{"rendered":"http:\/\/www.toque-musicall.com\/?p=1130"},"modified":"2009-08-03T09:42:00","modified_gmt":"2009-08-03T09:42:00","slug":"uma-noite-no-bataclan-1975","status":"publish","type":"post","link":"https:\/\/www.toque-musicall.com\/?p=1130","title":{"rendered":"Uma Noite No Bataclan (1975)"},"content":{"rendered":"<p><a href=\"http:\/\/3.bp.blogspot.com\/_DSKVEvHtskc\/SnbFw-CPoHI\/AAAAAAAAFJQ\/MvwUoVS15m4\/s1600-h\/bataclan+P.JPG\"><img decoding=\"async\" alt=\"\" border=\"0\" id=\"BLOGGER_PHOTO_ID_5365693451135328370\" src=\"http:\/\/3.bp.blogspot.com\/_DSKVEvHtskc\/SnbFw-CPoHI\/AAAAAAAAFJQ\/MvwUoVS15m4\/s400\/bataclan+P.JPG\" style=\"cursor: hand; cursor: pointer; display: block; height: 400px; margin: 0px auto 10px; text-align: center; width: 400px;\" \/><\/a>Ol\u00e1 amigos cultos e ocultos! Come\u00e7ando a semana, aqui vamos n\u00f3s para mais uma jornada&#8230; As f\u00e9rias se foram e as obriga\u00e7\u00f5es se acumularam. Volto \u00e0 minha rotina, sempre correndo, sempre com pouco tempo. Ontem nem tive como preparar algumas novidades (ou raridades?). Terei que recorrer \u00e0 minha reserva de gaveta.<\/p>\n<div>Hoje iniciamos com este disco, muito interessante, lan\u00e7ado pela Som Livre em 1975. &#8220;Uma Noite No Bataclan&#8221; foi uma esp\u00e9cie de continua\u00e7\u00e3o musical da trilha da novela <a href=\"http:\/\/www.youtube.com\/watch?v=iFHWOnCanH0\">Gabriela<\/a>, escrita por Walter George Durst, numa adapta\u00e7\u00e3o do romance &#8220;Gabriela, Cravo e Canela&#8221; de Jorge Amado. Bataclan era o nome de um famoso cabar\u00e9 e cassino em Ilh\u00e9us, frequentado pelos coron\u00e9is na d\u00e9cada de 20. Na novela era o ponto de recrea\u00e7\u00e3o e encontro dos &#8216;senhores da cidade&#8217;, o cabar\u00e9 e bordel onde todos se encontravam para beber, conversar sobre pol\u00edtica, dan\u00e7ar e namorar com &#8216;as mo\u00e7as&#8217; da casa. Atrav\u00e9s da novela este famoso e memor\u00e1vel reduto se tornou ainda mais conhecido e seu nome seria adotado em diversas casas noturnas pelo Brasil a fora (eu mesmo conhe\u00e7o uns tr\u00eas). Mas o Bataclan baiano foi inspirado no franc\u00eas e hoje em Ilh\u00e9us \u00e9 um centro cultural. Devido ao sucesso da novela e seus \u00edcones, a Som Livre lan\u00e7ou esta colet\u00e2nea bo\u00eamia associada ao Bataclan. Embora n\u00e3o corresponda \u00e0 m\u00fasica da \u00e9poca, me parece, foi o suporte complementar musical que trilhava algumas cenas da novela naquele ambiente. Nesta sele\u00e7\u00e3o variada encontraremos as seguintes m\u00fasicas e int\u00e9rpretes:<\/div>\n<div><\/div>\n<div style=\"text-align: center;\">a volta do boemio &#8211; nelson gon\u00e7alves<\/div>\n<div style=\"text-align: center;\">malague\u00f1a &#8211; los indios<\/div>\n<div style=\"text-align: center;\">vingan\u00e7a &#8211; linda batista<\/div>\n<div style=\"text-align: center;\">siboney &#8211; orquestra serenata tropical<\/div>\n<div style=\"text-align: center;\">bigurrilho &#8211; jorge veiga<\/div>\n<div style=\"text-align: center;\">mano a mano &#8211; carlos lombardi<\/div>\n<div style=\"text-align: center;\">o meu boi morreu &#8211; cravo e canela<\/div>\n<div style=\"text-align: center;\">bar da noite &#8211; nora ney<\/div>\n<div style=\"text-align: center;\">hist\u00f3ria de un aor &#8211; pepe avila y los bronces<\/div>\n<div style=\"text-align: center;\">castigo &#8211; roberto luna<\/div>\n<div style=\"text-align: center;\">mambo jambo &#8211; perez prado<\/div>\n<div style=\"text-align: center;\">tortura de amor &#8211; waldick soriano<\/div>\n<div style=\"text-align: center;\">perfume de gardenia &#8211; bienvenido granada<\/div>\n<div style=\"text-align: center;\">jura &#8211; altamiro carrilho<\/div>\n<div style=\"text-align: center;\"><\/div>\n<div style=\"text-align: center;\"><\/div>\n","protected":false},"excerpt":{"rendered":"<p>Ol\u00e1 amigos cultos e ocultos! Come\u00e7ando a semana, aqui vamos n\u00f3s para mais uma jornada&#8230; As f\u00e9rias se foram e as obriga\u00e7\u00f5es se acumularam. Volto \u00e0 minha rotina, sempre correndo, sempre com pouco tempo. Ontem nem tive como preparar algumas &hellip; <a href=\"https:\/\/www.toque-musicall.com\/?p=1130\">Continue lendo <span class=\"meta-nav\">&rarr;<\/span><\/a><\/p>\n","protected":false},"author":1,"featured_media":0,"comment_status":"open","ping_status":"closed","sticky":false,"template":"","format":"standard","meta":{"footnotes":""},"categories":[213,1408,1131,163,118,160,1278,744,66,1406,1407],"tags":[],"class_list":["post-1130","post","type-post","status-publish","format-standard","hentry","category-altamiro-carrilho","category-carlos-lombardi","category-jorge-veiga","category-linda-batista","category-nelson-goncalves","category-nora-ney","category-orquestra-serenata-tropical","category-roberto-luna","category-selo-som-livre","category-uma-noite-no-bataclan","category-waldick-soriano"],"_links":{"self":[{"href":"https:\/\/www.toque-musicall.com\/index.php?rest_route=\/wp\/v2\/posts\/1130","targetHints":{"allow":["GET"]}}],"collection":[{"href":"https:\/\/www.toque-musicall.com\/index.php?rest_route=\/wp\/v2\/posts"}],"about":[{"href":"https:\/\/www.toque-musicall.com\/index.php?rest_route=\/wp\/v2\/types\/post"}],"author":[{"embeddable":true,"href":"https:\/\/www.toque-musicall.com\/index.php?rest_route=\/wp\/v2\/users\/1"}],"replies":[{"embeddable":true,"href":"https:\/\/www.toque-musicall.com\/index.php?rest_route=%2Fwp%2Fv2%2Fcomments&post=1130"}],"version-history":[{"count":0,"href":"https:\/\/www.toque-musicall.com\/index.php?rest_route=\/wp\/v2\/posts\/1130\/revisions"}],"wp:attachment":[{"href":"https:\/\/www.toque-musicall.com\/index.php?rest_route=%2Fwp%2Fv2%2Fmedia&parent=1130"}],"wp:term":[{"taxonomy":"category","embeddable":true,"href":"https:\/\/www.toque-musicall.com\/index.php?rest_route=%2Fwp%2Fv2%2Fcategories&post=1130"},{"taxonomy":"post_tag","embeddable":true,"href":"https:\/\/www.toque-musicall.com\/index.php?rest_route=%2Fwp%2Fv2%2Ftags&post=1130"}],"curies":[{"name":"wp","href":"https:\/\/api.w.org\/{rel}","templated":true}]}}