{"id":11306,"date":"2025-07-29T15:15:21","date_gmt":"2025-07-29T18:15:21","guid":{"rendered":"https:\/\/www.toque-musicall.com\/?p=11306"},"modified":"2025-07-30T15:18:46","modified_gmt":"2025-07-30T18:18:46","slug":"nilo-sergio-ciro-pereira-e-sua-orquestra-feliz-aniversario-1961","status":"publish","type":"post","link":"https:\/\/www.toque-musicall.com\/?p=11306","title":{"rendered":"Nilo Sergio &#8211; Ciro Pereira E Sua Orquestra &#8211; Feliz Anivers\u00e1rio (1961)"},"content":{"rendered":"\n<figure class=\"wp-block-image size-large\"><img decoding=\"async\" src=\"https:\/\/blogger.googleusercontent.com\/img\/b\/R29vZ2xl\/AVvXsEh47XzCPMKV_BVh3366hfh_rHuu4fCqU9rWHtuzMRjlC5j6Qe_jIvPZbiqb-zpkp-1yAjNVcgpuqPbNgipMG-vaoZgl2tvW9Es_1Y2OI2j2yG6Jwb2sAzP1YzWzATD4jn-3jN5qMC8gNathY3cqgxF4F5JsBOBTC_sUcWMUrVfbt90E_ljkvARSW1WiGfwp\/w638-h640\/Capturarf.JPG\" alt=\"\"\/><\/figure>\n\n\n\n<figure class=\"wp-block-image size-large\"><img decoding=\"async\" src=\"https:\/\/blogger.googleusercontent.com\/img\/b\/R29vZ2xl\/AVvXsEgW8fp8C1hEvuUl8sHS_z7SNwuoYpw8DR9Mg4wjjjItDTHS34LGXlz3NRBVgNM250H2DdTmfKiVNulKrQvO6PdJxm-Db24cmv2DqyzJgw5J1nKHAOQuVPJrOqM_kl09NnOBtEh4lWW3ES96HwH1wjuqLjBVh_0pVyzLowK45uzRu_ZjWcVyiGPHF68tUdj0\/w638-h640\/Capturarb.JPG\" alt=\"\"\/><\/figure>\n\n\n<div class=\"separator\">E ent\u00e3o, o Toque Musical chega a sua maioridade, completa 18 anos. E nesta data querida o que achamos de mais apropriado foi este disquinho, um compacto duplo lan\u00e7ado pelo selo Continental, no in\u00edcio dos anos 60. Trata-se de um disco de 7 polegadas de utilidade, aqueles que se tinha em casa para serem tocados na radiola em ocasi\u00f5es especiais. No caso aqui, um disquinho para anivers\u00e1rio. E por certo, quantos anivers\u00e1rios este disquinho j\u00e1 embalou&#8230; S\u00e3o quatro temas na interpreta\u00e7\u00e3o de Nilo S\u00e9rgio e Ciro Pereira e sua orquestra.<\/div>\n<div class=\"separator\">E assim, cantamos o parab\u00e9ns para o Toque Musical e sua resist\u00eancia. Poucos s\u00e3o os sites como este que ainda sobrevivem no ritmo das transforma\u00e7\u00f5es, onde nada dura muito tempo&#8230;\u00a0<\/div>\n<div class=\"separator\">Parab\u00e9ns, Toque Musical!<\/div>\n<div class=\"separator\">\u00a0<\/div>\n<div class=\"separator\">can\u00e7\u00e3o de anivers\u00e1rio &#8211; nilo s\u00e9rgio<\/div>\n<div class=\"separator\">parab\u00e9ns a voc\u00ea &#8211; nilo s\u00e9rgio<\/div>\n<div class=\"separator\">parab\u00e9ns a voc\u00ea &#8211; ciro pereira e sua orquestra<\/div>\n<div class=\"separator\">valsa do anivers\u00e1rio &#8211; ciro pereira e sua orquestra<\/div>\n<div class=\"separator\">\u00a0<\/div>\n<div class=\"separator\">\u00a0<\/div>\n<div class=\"separator\">\u00a0<\/div>\n<div class=\"separator\">.<\/div>\n<div class=\"separator\">\u00a0<\/div>","protected":false},"excerpt":{"rendered":"<p>E ent\u00e3o, o Toque Musical chega a sua maioridade, completa 18 anos. E nesta data querida o que achamos de mais apropriado foi este disquinho, um compacto duplo lan\u00e7ado pelo selo Continental, no in\u00edcio dos anos 60. Trata-se de um &hellip; <a href=\"https:\/\/www.toque-musicall.com\/?p=11306\">Continue lendo <span class=\"meta-nav\">&rarr;<\/span><\/a><\/p>\n","protected":false},"author":1,"featured_media":0,"comment_status":"closed","ping_status":"closed","sticky":false,"template":"","format":"standard","meta":{"footnotes":""},"categories":[1],"tags":[6020,3072,5229,3327],"class_list":["post-11306","post","type-post","status-publish","format-standard","hentry","category-sem-categoria","tag-ciro-pereira","tag-compactos","tag-nilo-sergio","tag-selo-continental"],"_links":{"self":[{"href":"https:\/\/www.toque-musicall.com\/index.php?rest_route=\/wp\/v2\/posts\/11306","targetHints":{"allow":["GET"]}}],"collection":[{"href":"https:\/\/www.toque-musicall.com\/index.php?rest_route=\/wp\/v2\/posts"}],"about":[{"href":"https:\/\/www.toque-musicall.com\/index.php?rest_route=\/wp\/v2\/types\/post"}],"author":[{"embeddable":true,"href":"https:\/\/www.toque-musicall.com\/index.php?rest_route=\/wp\/v2\/users\/1"}],"replies":[{"embeddable":true,"href":"https:\/\/www.toque-musicall.com\/index.php?rest_route=%2Fwp%2Fv2%2Fcomments&post=11306"}],"version-history":[{"count":1,"href":"https:\/\/www.toque-musicall.com\/index.php?rest_route=\/wp\/v2\/posts\/11306\/revisions"}],"predecessor-version":[{"id":11307,"href":"https:\/\/www.toque-musicall.com\/index.php?rest_route=\/wp\/v2\/posts\/11306\/revisions\/11307"}],"wp:attachment":[{"href":"https:\/\/www.toque-musicall.com\/index.php?rest_route=%2Fwp%2Fv2%2Fmedia&parent=11306"}],"wp:term":[{"taxonomy":"category","embeddable":true,"href":"https:\/\/www.toque-musicall.com\/index.php?rest_route=%2Fwp%2Fv2%2Fcategories&post=11306"},{"taxonomy":"post_tag","embeddable":true,"href":"https:\/\/www.toque-musicall.com\/index.php?rest_route=%2Fwp%2Fv2%2Ftags&post=11306"}],"curies":[{"name":"wp","href":"https:\/\/api.w.org\/{rel}","templated":true}]}}